{"id":6886,"date":"2025-09-28T17:50:45","date_gmt":"2025-09-28T17:50:45","guid":{"rendered":"https:\/\/www.europesays.com\/ee\/6886\/"},"modified":"2025-09-28T17:50:45","modified_gmt":"2025-09-28T17:50:45","slug":"koduotsija-%e2%9f%a9-triibik-jassi-otsib-omale-rahulikku-kodu","status":"publish","type":"post","link":"https:\/\/www.europesays.com\/ee\/6886\/","title":{"rendered":"KODUOTSIJA \u27e9 Triibik Jassi otsib omale rahulikku kodu"},"content":{"rendered":"<p>Jassi on pelglik kassipoiss, kes kipub esialgu eest \u00e4ra peitu jooksma, kuid pai tegemist siiski lubab. Otsib kodu, kus talle antakse aega ja ruumi julguse kogumiseks. Jassi on kiibitud, kastreeritud, vaktsineeritud ja saanud vajalikud parasiidit\u00f5rjed.<\/p>\n<p>Kui leiate, et just tema v\u00f5ib olla teie uus pereliige, siis minge talle varjupaika k\u00fclla. Selleks v\u00f5tke \u00fchendust meiliaadressil parnu@varjupaik.ee v\u00f5i telefonitsi 524 6705.<\/p>\n","protected":false},"excerpt":{"rendered":"Jassi on pelglik kassipoiss, kes kipub esialgu eest \u00e4ra peitu jooksma, kuid pai tegemist siiski lubab. Otsib kodu,&hellip;\n","protected":false},"author":2,"featured_media":6887,"comment_status":"","ping_status":"","sticky":false,"template":"","format":"standard","meta":{"footnotes":""},"categories":[12],"tags":[26,27,37,33,35,34,36,31,32,21,5465,28,29,19,5464,25,23,24,22,20,30],"class_list":{"0":"post-6886","1":"post","2":"type-post","3":"status-publish","4":"format-standard","5":"has-post-thumbnail","7":"category-eesti","8":"tag-breaking-news","9":"tag-breakingnews","10":"tag-ee","11":"tag-eesti","12":"tag-eesti-keel","13":"tag-estonia","14":"tag-estonian","15":"tag-featured-news","16":"tag-featurednews","17":"tag-headlines","18":"tag-koduotsija","19":"tag-latest-news","20":"tag-latestnews","21":"tag-news","22":"tag-parnumaa-loomade-varjupaik","23":"tag-populaarseimad-lood","24":"tag-top-stories","25":"tag-topstories","26":"tag-uldised-uudised","27":"tag-uudised","28":"tag-viimased-uudised"},"share_on_mastodon":{"url":"","error":""},"_links":{"self":[{"href":"https:\/\/www.europesays.com\/ee\/wp-json\/wp\/v2\/posts\/6886","targetHints":{"allow":["GET"]}}],"collection":[{"href":"https:\/\/www.europesays.com\/ee\/wp-json\/wp\/v2\/posts"}],"about":[{"href":"https:\/\/www.europesays.com\/ee\/wp-json\/wp\/v2\/types\/post"}],"author":[{"embeddable":true,"href":"https:\/\/www.europesays.com\/ee\/wp-json\/wp\/v2\/users\/2"}],"replies":[{"embeddable":true,"href":"https:\/\/www.europesays.com\/ee\/wp-json\/wp\/v2\/comments?post=6886"}],"version-history":[{"count":0,"href":"https:\/\/www.europesays.com\/ee\/wp-json\/wp\/v2\/posts\/6886\/revisions"}],"wp:featuredmedia":[{"embeddable":true,"href":"https:\/\/www.europesays.com\/ee\/wp-json\/wp\/v2\/media\/6887"}],"wp:attachment":[{"href":"https:\/\/www.europesays.com\/ee\/wp-json\/wp\/v2\/media?parent=6886"}],"wp:term":[{"taxonomy":"category","embeddable":true,"href":"https:\/\/www.europesays.com\/ee\/wp-json\/wp\/v2\/categories?post=6886"},{"taxonomy":"post_tag","embeddable":true,"href":"https:\/\/www.europesays.com\/ee\/wp-json\/wp\/v2\/tags?post=6886"}],"curies":[{"name":"wp","href":"https:\/\/api.w.org\/{rel}","templated":true}]}}