{"id":68899,"date":"2025-12-20T09:45:25","date_gmt":"2025-12-20T09:45:25","guid":{"rendered":"https:\/\/www.europesays.com\/ee\/68899\/"},"modified":"2025-12-20T09:45:25","modified_gmt":"2025-12-20T09:45:25","slug":"nadalast-jai-kolama-%e2%9f%a9-metanoolitehas-teisel-katsel-parnu-postimees","status":"publish","type":"post","link":"https:\/\/www.europesays.com\/ee\/68899\/","title":{"rendered":"N\u00c4DALAST J\u00c4I K\u00d5LAMA \u27e9 Metanoolitehas teisel katsel &#8211; P\u00e4rnu Postimees"},"content":{"rendered":"<ol>\n<li><a href=\"https:\/\/news.google.com\/rss\/articles\/CBMiiwFBVV95cUxNWUJzMW1JRjJibVZjY0s3bTVjRFVoVmN3emM1ZmFkQkZtTDVGMy1wZXJrZ2NpWmhhckdaVTMyS3JMZmx1VzhnOWtzaFVCZklXYWdnNnRNMGUtOUxpRGNLZjVJc21EU1RSSEVEZ1pjMHI3WWZsbGZyMUlfcWdoRndaZGJBbC04UUR6QnpF?oc=5\" target=\"_blank\" rel=\"nofollow noopener\">N\u00c4DALAST J\u00c4I K\u00d5LAMA \u27e9 Metanoolitehas teisel katsel<\/a>&nbsp;&nbsp;P\u00e4rnu Postimees<\/li>\n<li><a href=\"https:\/\/news.google.com\/rss\/articles\/CBMiswFBVV95cUxPTXI0dlB4WHpRN3hpTFhRWVl2NVNPenRVYk9CaFEtbW9aeW1nX3N3cFdTeThEclN5TzBWb0xIQmo2S09kaU1CemJtMnN5R3ZTYzVaMm9teEJJb0d0TWtJbFo0TTk2NzVVZTVXc29fQ2l0TGdGRDhFYTY4LWtSZE1SbjZJRDg1dlk1eVlyQzdhcmo2TVZHMWlkMTVmelRaQk5EQnhqM3NRWTN0SEs4WFlQb0ZBUQ?oc=5\" target=\"_blank\" rel=\"nofollow noopener\">Singapuri energiahiid toob P\u00e4rnu lennujaama Balti ainsa metanoolitehase<\/a>&nbsp;&nbsp;\u00c4rip\u00e4ev<\/li>\n<li><a href=\"https:\/\/news.google.com\/rss\/articles\/CBMirwFBVV95cUxOeXBwX2puN24wR1cwLXRNenVvVlVoU0FwTVBBNXVyTDItY2kyb1ZPNkJ0TFN0NTlWYzJnNWRGaHFWWXJYd0V4T2txb2FJRldqdlUwNENielVzNnZqRS01THdMNXV0Z1lFS0FYbFVyWjBPOGpvSXUzQ2FmMnAza2RocEo5a0cyQnpTMGZGTFhtUUlXN2xYVEk3YlZXbzIxN2F4cmE1RDlTRlRIdUtDOTFZ?oc=5\" target=\"_blank\" rel=\"nofollow noopener\">P\u00e4rnusse metanoolitehase rajamise teise katse teel on paar ohtlikku kari<\/a>&nbsp;&nbsp;Majandus<\/li>\n<li><a href=\"https:\/\/news.google.com\/rss\/articles\/CBMirwFBVV95cUxPb1VIdk5nWUtHTW0teWg1S19IVG55Y1prQVloOEVrb2RCTGY3LXlpRkpTMWo3dFAtSmU1V1R2aVluTkRfQ0lYUENrQzlfOHFod3NrczVaelk2eDZWLTZSYzBsLUV3dldkSFVseXkxTmlqaG8tcVc2X2pvTmpiQ1ZGM083VU8wZHVTMUhJZzhnNTgwTzFsNHVqdHR1Q0xvd0hqSEliUm5Hb01sZkVGQm53?oc=5\" target=\"_blank\" rel=\"nofollow noopener\">P\u00e4rnu metanoolitehase kavandajad kinnitavad, et see ei levita haisu ega m\u00fcra<\/a>&nbsp;&nbsp;P\u00e4rnu Postimees<\/li>\n<\/ol>\n","protected":false},"excerpt":{"rendered":"N\u00c4DALAST J\u00c4I K\u00d5LAMA \u27e9 Metanoolitehas teisel katsel&nbsp;&nbsp;P\u00e4rnu Postimees Singapuri energiahiid toob P\u00e4rnu lennujaama Balti ainsa metanoolitehase&nbsp;&nbsp;\u00c4rip\u00e4ev P\u00e4rnusse metanoolitehase&hellip;\n","protected":false},"author":2,"featured_media":68900,"comment_status":"","ping_status":"","sticky":false,"template":"","format":"standard","meta":{"footnotes":"","_share_on_mastodon":"0"},"categories":[12],"tags":[35018,26,27,35020,37,33,35,34,36,590,31,32,21,28,29,19,4396,1421,35019,25,32671,23,24,12970,22,20,30],"class_list":["post-68899","post","type-post","status-publish","format-standard","has-post-thumbnail","category-eesti","tag-as-tallinna-lennujaam","tag-breaking-news","tag-breakingnews","tag-e-metanooli-tehas","tag-ee","tag-eesti","tag-eesti-keel","tag-estonia","tag-estonian","tag-euroopa-liit","tag-featured-news","tag-featurednews","tag-headlines","tag-latest-news","tag-latestnews","tag-news","tag-paikesepark","tag-parnu","tag-parnu-lennuvali","tag-populaarseimad-lood","tag-riivo-tuvike","tag-top-stories","tag-topstories","tag-tori-vald","tag-uldised-uudised","tag-uudised","tag-viimased-uudised"],"share_on_mastodon":{"url":"https:\/\/pubeurope.com\/@ee\/115751257833576434","error":""},"_links":{"self":[{"href":"https:\/\/www.europesays.com\/ee\/wp-json\/wp\/v2\/posts\/68899","targetHints":{"allow":["GET"]}}],"collection":[{"href":"https:\/\/www.europesays.com\/ee\/wp-json\/wp\/v2\/posts"}],"about":[{"href":"https:\/\/www.europesays.com\/ee\/wp-json\/wp\/v2\/types\/post"}],"author":[{"embeddable":true,"href":"https:\/\/www.europesays.com\/ee\/wp-json\/wp\/v2\/users\/2"}],"replies":[{"embeddable":true,"href":"https:\/\/www.europesays.com\/ee\/wp-json\/wp\/v2\/comments?post=68899"}],"version-history":[{"count":0,"href":"https:\/\/www.europesays.com\/ee\/wp-json\/wp\/v2\/posts\/68899\/revisions"}],"wp:featuredmedia":[{"embeddable":true,"href":"https:\/\/www.europesays.com\/ee\/wp-json\/wp\/v2\/media\/68900"}],"wp:attachment":[{"href":"https:\/\/www.europesays.com\/ee\/wp-json\/wp\/v2\/media?parent=68899"}],"wp:term":[{"taxonomy":"category","embeddable":true,"href":"https:\/\/www.europesays.com\/ee\/wp-json\/wp\/v2\/categories?post=68899"},{"taxonomy":"post_tag","embeddable":true,"href":"https:\/\/www.europesays.com\/ee\/wp-json\/wp\/v2\/tags?post=68899"}],"curies":[{"name":"wp","href":"https:\/\/api.w.org\/{rel}","templated":true}]}}