{"id":68926,"date":"2025-12-20T10:28:26","date_gmt":"2025-12-20T10:28:26","guid":{"rendered":"https:\/\/www.europesays.com\/ee\/68926\/"},"modified":"2025-12-20T10:28:26","modified_gmt":"2025-12-20T10:28:26","slug":"austraalia-teatas-terrorirunnaku-jarel-tulirelvade-tagasiostuprogrammist","status":"publish","type":"post","link":"https:\/\/www.europesays.com\/ee\/68926\/","title":{"rendered":"Austraalia teatas terrorir\u00fcnnaku j\u00e4rel tulirelvade tagasiostuprogrammist"},"content":{"rendered":"<p>Pealinnas Canberras toimunud pressikonverentsil r\u00e4\u00e4kis Albanese, et skeemi raames ostetakse kokku \u00fcleliigseid, \u00e4sja keelustatud ja ebaseaduslikke tulirelvi. <\/p>\n<p>Skeemi kohaselt on osariikidel ja territooriumidel \u00fclesandeks relvade kogumine ja loovutatud tulirelvade eest \u00fcksikisikutele maksete tegemine. Relvade h\u00e4vitamise eest hakkab vastutama f\u00f6deraalpolitsei.<\/p>\n<p>Albanese\u2019i s\u00f5nul eeldab valitsus, et skeemi abil kogutakse ja h\u00e4vitatakse sadu tuhandeid relvi. \u201eBondi kohutavad s\u00fcndmused n\u00e4itavad, et peame oma t\u00e4navatelt rohkem relvi eemaldama,\u201c \u00fctles ta.<\/p>\n<p class=\"paragraph-elevate inline-placeholder vossi-paragraph_elevate\">Austraalias kehtivad juba praegu maailma \u00fched karmimad relvapiirangud, mis kehtestati ligi 30 aastat tagasi \u2013 p\u00e4rast 1996 aasta massir\u00fcnnakut, kui \u00fcksik mees tappis poolautomaatsete relvadega ajaloolises Port Arthuri turismisihtkohas 35 inimest. <\/p>\n<p class=\"paragraph-elevate inline-placeholder vossi-paragraph_elevate\">R\u00fcnnak \u0161okeeris toonast valitsust ja kahe n\u00e4dala jooksul kehtestati uued seadused. Samuti k\u00e4ivitasid v\u00f5imud ulatusliku relvaamnestia ja tagasiostuprogrammi, mille k\u00e4igus eemaldati ringlusest \u00fcle 650 000 keelustatud tulirelva.<\/p>\n<p class=\"paragraph-elevate inline-placeholder vossi-paragraph_elevate\">Albanese \u00fctles, et riigis on praegu \u00fcle nelja miljoni tulirelva, mis on rohkem kui Port Arthuri r\u00fcnnaku ajal.<\/p>\n<p class=\"paragraph-elevate inline-placeholder vossi-paragraph_elevate\">Politsei kahtlustab p\u00fchap\u00e4eval aset leidnud massir\u00fcnnaku toimepanemises isa ja poega. 24-aastane Naveed Akram on saanud s\u00fc\u00fcdistuse 59 kuriteos, sealhulgas terrorismis ja 15 m\u00f5rvas. Tema isa Sajid Akram hukkus r\u00fcnnaku k\u00e4igus.<\/p>\n<p class=\"paragraph-elevate inline-placeholder vossi-paragraph_elevate\">\u201eMe teame, et \u00fchel neist terroristidest oli relvaluba ja kuus relva, hoolimata sellest, et ta elas <a rel=\"noopener nofollow\" target=\"_blank\" href=\"https:\/\/www.delfi.ee\/teema\/33131299\/sydney\" tag-id=\"33131299\">Sydney<\/a> \u00e4\u00e4relinna keskel&#8230; Ei ole mingit p\u00f5hjust, miks keegi sellises olukorras oleks nii palju relvi vajanud,\u201c m\u00e4rkis Albanese.<\/p>\n<p>Kuidas see lugu Sind end tundma pani? Saada <a href=\"https:\/\/www.delfi.ee\/artikkel\/120424861\/austraalia-teatas-terrorirunnaku-jarel-tulirelvade-tagasiostuprogrammist\/kommentaarid\" class=\"article-body-bottom__comment article-body-bottom__comment--write button button--primary button--size-auto\" rel=\"nofollow noopener\" target=\"_blank\"> Kommenteeri <\/a><a href=\"https:\/\/www.delfi.ee\/artikkel\/120424861\/austraalia-teatas-terrorirunnaku-jarel-tulirelvade-tagasiostuprogrammist\/kommentaarid\" class=\"article-body-bottom__comment article-body-bottom__comment--read button button--size-auto\" rel=\"nofollow noopener\" target=\"_blank\"> Loe kommentaare (4)<\/a><\/p>\n","protected":false},"excerpt":{"rendered":"Pealinnas Canberras toimunud pressikonverentsil r\u00e4\u00e4kis Albanese, et skeemi raames ostetakse kokku \u00fcleliigseid, \u00e4sja keelustatud ja ebaseaduslikke tulirelvi. Skeemi&hellip;\n","protected":false},"author":2,"featured_media":68927,"comment_status":"","ping_status":"","sticky":false,"template":"","format":"standard","meta":{"footnotes":"","_share_on_mastodon":"0"},"categories":[80],"tags":[1556,1553,32865,26,27,37,33,35,34,36,31,32,21,28,29,95,19,25,4250,23,24,22,20,30,92,93,94],"class_list":["post-68926","post","type-post","status-publish","format-standard","has-post-thumbnail","category-maailm","tag-anthony-albanese","tag-austraalia","tag-bondi-runnak","tag-breaking-news","tag-breakingnews","tag-ee","tag-eesti","tag-eesti-keel","tag-estonia","tag-estonian","tag-featured-news","tag-featurednews","tag-headlines","tag-latest-news","tag-latestnews","tag-maailm","tag-news","tag-populaarseimad-lood","tag-sydney","tag-top-stories","tag-topstories","tag-uldised-uudised","tag-uudised","tag-viimased-uudised","tag-world","tag-world-news","tag-worldnews"],"share_on_mastodon":{"url":"https:\/\/pubeurope.com\/@ee\/115751426711307717","error":""},"_links":{"self":[{"href":"https:\/\/www.europesays.com\/ee\/wp-json\/wp\/v2\/posts\/68926","targetHints":{"allow":["GET"]}}],"collection":[{"href":"https:\/\/www.europesays.com\/ee\/wp-json\/wp\/v2\/posts"}],"about":[{"href":"https:\/\/www.europesays.com\/ee\/wp-json\/wp\/v2\/types\/post"}],"author":[{"embeddable":true,"href":"https:\/\/www.europesays.com\/ee\/wp-json\/wp\/v2\/users\/2"}],"replies":[{"embeddable":true,"href":"https:\/\/www.europesays.com\/ee\/wp-json\/wp\/v2\/comments?post=68926"}],"version-history":[{"count":0,"href":"https:\/\/www.europesays.com\/ee\/wp-json\/wp\/v2\/posts\/68926\/revisions"}],"wp:featuredmedia":[{"embeddable":true,"href":"https:\/\/www.europesays.com\/ee\/wp-json\/wp\/v2\/media\/68927"}],"wp:attachment":[{"href":"https:\/\/www.europesays.com\/ee\/wp-json\/wp\/v2\/media?parent=68926"}],"wp:term":[{"taxonomy":"category","embeddable":true,"href":"https:\/\/www.europesays.com\/ee\/wp-json\/wp\/v2\/categories?post=68926"},{"taxonomy":"post_tag","embeddable":true,"href":"https:\/\/www.europesays.com\/ee\/wp-json\/wp\/v2\/tags?post=68926"}],"curies":[{"name":"wp","href":"https:\/\/api.w.org\/{rel}","templated":true}]}}