{"id":69943,"date":"2025-12-22T06:49:07","date_gmt":"2025-12-22T06:49:07","guid":{"rendered":"https:\/\/www.europesays.com\/ee\/69943\/"},"modified":"2025-12-22T06:49:07","modified_gmt":"2025-12-22T06:49:07","slug":"kui-putin-utleb-ei-tuleks-ukrainale-tomahawkid-anda","status":"publish","type":"post","link":"https:\/\/www.europesays.com\/ee\/69943\/","title":{"rendered":"kui Putin \u00fctleb \u00abei\u00bb, tuleks Ukrainale Tomahawkid anda"},"content":{"rendered":"<p>Kui Kremli liider Vladimir Putin l\u00fckkab rahuleppe tagasi, siis peaks USA president Donald Trump andma Ukrainale Tomahawki tiibrakette, et r\u00fcnnata Venemaa territooriumil asuvaid s\u00f5jatehaseid, teatas eile senaator Lindsey Graham.<\/p>\n<p>Graham r\u00e4\u00e4kis temal telekanali NBC Newsi saates \u00abMeet the Press\u00bb, mida vahendas ukrainlaste uudisteportaal Ukrinform.<\/p>\n","protected":false},"excerpt":{"rendered":"Kui Kremli liider Vladimir Putin l\u00fckkab rahuleppe tagasi, siis peaks USA president Donald Trump andma Ukrainale Tomahawki tiibrakette,&hellip;\n","protected":false},"author":2,"featured_media":69944,"comment_status":"","ping_status":"","sticky":false,"template":"","format":"standard","meta":{"footnotes":"","_share_on_mastodon":"0"},"categories":[80],"tags":[587,26,27,4556,37,33,35,34,36,31,32,35489,21,326,28,29,95,35488,19,25,3738,5546,23,24,262,1154,22,20,13106,96,30,92,93,94,3623],"class_list":["post-69943","post","type-post","status-publish","format-standard","has-post-thumbnail","category-maailm","tag-ameerika-uhendriigid","tag-breaking-news","tag-breakingnews","tag-donetsk","tag-ee","tag-eesti","tag-eesti-keel","tag-estonia","tag-estonian","tag-featured-news","tag-featurednews","tag-graham","tag-headlines","tag-hiina","tag-latest-news","tag-latestnews","tag-maailm","tag-nbc-news","tag-news","tag-populaarseimad-lood","tag-putin","tag-tomahawk","tag-top-stories","tag-topstories","tag-ukraina","tag-ukrinform","tag-uldised-uudised","tag-uudised","tag-vene-nafta","tag-venemaa","tag-viimased-uudised","tag-world","tag-world-news","tag-worldnews","tag-zelenskoi"],"share_on_mastodon":{"url":"https:\/\/pubeurope.com\/@ee\/115761890185878630","error":""},"_links":{"self":[{"href":"https:\/\/www.europesays.com\/ee\/wp-json\/wp\/v2\/posts\/69943","targetHints":{"allow":["GET"]}}],"collection":[{"href":"https:\/\/www.europesays.com\/ee\/wp-json\/wp\/v2\/posts"}],"about":[{"href":"https:\/\/www.europesays.com\/ee\/wp-json\/wp\/v2\/types\/post"}],"author":[{"embeddable":true,"href":"https:\/\/www.europesays.com\/ee\/wp-json\/wp\/v2\/users\/2"}],"replies":[{"embeddable":true,"href":"https:\/\/www.europesays.com\/ee\/wp-json\/wp\/v2\/comments?post=69943"}],"version-history":[{"count":0,"href":"https:\/\/www.europesays.com\/ee\/wp-json\/wp\/v2\/posts\/69943\/revisions"}],"wp:featuredmedia":[{"embeddable":true,"href":"https:\/\/www.europesays.com\/ee\/wp-json\/wp\/v2\/media\/69944"}],"wp:attachment":[{"href":"https:\/\/www.europesays.com\/ee\/wp-json\/wp\/v2\/media?parent=69943"}],"wp:term":[{"taxonomy":"category","embeddable":true,"href":"https:\/\/www.europesays.com\/ee\/wp-json\/wp\/v2\/categories?post=69943"},{"taxonomy":"post_tag","embeddable":true,"href":"https:\/\/www.europesays.com\/ee\/wp-json\/wp\/v2\/tags?post=69943"}],"curies":[{"name":"wp","href":"https:\/\/api.w.org\/{rel}","templated":true}]}}