{"id":7017,"date":"2025-09-29T05:11:06","date_gmt":"2025-09-29T05:11:06","guid":{"rendered":"https:\/\/www.europesays.com\/ee\/7017\/"},"modified":"2025-09-29T05:11:06","modified_gmt":"2025-09-29T05:11:06","slug":"norras-margati-droone-kahe-lennuvalja-juures-ja-taanis-lendasid-havitajad-bornholmi-kohal","status":"publish","type":"post","link":"https:\/\/www.europesays.com\/ee\/7017\/","title":{"rendered":"Norras m\u00e4rgati droone kahe lennuv\u00e4lja juures ja Taanis lendasid h\u00e4vitajad Bornholmi kohal"},"content":{"rendered":"<p>Norra ajaleht VG teatas eile \u00f5htul, et siselend riigi p\u00f5hjaosast Bod\u00f8st Br\u00f8nn\u00f8ysundi kaudu <a rel=\"noopener nofollow\" target=\"_blank\" href=\"https:\/\/www.delfi.ee\/teema\/70299613\/trondheim\" tag-id=\"70299613\">Trondheimi<\/a> suunati \u00fcmber, sest Br\u00f8nn\u00f8ysundi lennuv\u00e4lja l\u00e4hedal m\u00e4rgati drooni.<\/p>\n<p>Norra politsei kehtestas mitmeid piiranguid nelja lennuv\u00e4lja \u00fcmbruses. \u00dcks neist on ka Br\u00f8nn\u00f8ysundi lennuv\u00e4li.<\/p>\n<p>Norra lennujaamade operaatorettev\u00f5tte Avinor k\u00f5neisik Karoline Pedersen \u00fctles, et drooni m\u00e4rgati Br\u00f8nn\u00f8ysundis keelutsooni sees.<\/p>\n<p>P\u00e4rast Br\u00f8nn\u00f8ysundi kohal tiirutamist suunati lennufirma Wider\u00f8e lennuk Trondheimi.<\/p>\n<p>Veel \u00fcht drooni m\u00e4rgati Norras Bardufossi lennuv\u00e4lja juures, mille t\u00f5ttu suunati \u00f5htul lennufirma Norwegiani lend tagasi <a rel=\"noopener nofollow\" target=\"_blank\" href=\"https:\/\/www.delfi.ee\/teema\/22933941\/oslo\" tag-id=\"22933941\">Oslo<\/a> Gardermoeni lennuv\u00e4ljale, teatas VG.<\/p>\n<p>\u201eMe suunasime lennu \u00fcmber, sest me saime tornist teate, et piirkonnas on m\u00e4rgatud droone,\u201c \u00fctles Norwegiani pressiesindaja Eivind Hammer Myhre VG-le.<\/p>\n<p>Br\u00f8nn\u00f8ysundi ja Bardufossi lennuv\u00e4li asuvad teineteisest enam kui 700 kilomeetri kaugusel.<\/p>\n<p>Taanis olid eile \u00f5htul h\u00e4vituslennukid \u00f5hus Bornholmi saare kohal, kinnitas Taani ringh\u00e4\u00e4lingule DR Bornholmi politsei esindaja Alexander Voltov.<\/p>\n<p>Kaitsev\u00e4e v\u00e4ejuhatus seda informatsiooni ei kinnitanud ega kommenteerinud.<\/p>\n<p>Eialgu ei ole teada, miks h\u00e4vitajad \u00f5hus olid, aga Voltov \u00fctles, et Bornholmi politsei sai mitmeid k\u00fcsimusi v\u00f5imaliku droonide lendamise kohta, mida pole suudetud kinnitada.<\/p>\n<p>    Kuidas see lugu Sind end tundma pani?<br \/>\n        Saada<br \/>\n           <a href=\"https:\/\/www.delfi.ee\/artikkel\/120406724\/norras-margati-droone-kahe-lennuvalja-juures-ja-taanis-lendasid-havitajad-bornholmi-kohal\/kommentaarid\" class=\"article-body-bottom__comment article-body-bottom__comment--write button button--primary button--size-auto\" rel=\"nofollow noopener\" target=\"_blank\"><br \/>\n        Kommenteeri<br \/>\n       <\/a> <a href=\"https:\/\/www.delfi.ee\/artikkel\/120406724\/norras-margati-droone-kahe-lennuvalja-juures-ja-taanis-lendasid-havitajad-bornholmi-kohal\/kommentaarid\" class=\"article-body-bottom__comment article-body-bottom__comment--read button button--size-auto\" rel=\"nofollow noopener\" target=\"_blank\"><br \/>\n        Loe kommentaare  <\/a>  <\/p>\n","protected":false},"excerpt":{"rendered":"Norra ajaleht VG teatas eile \u00f5htul, et siselend riigi p\u00f5hjaosast Bod\u00f8st Br\u00f8nn\u00f8ysundi kaudu Trondheimi suunati \u00fcmber, sest Br\u00f8nn\u00f8ysundi&hellip;\n","protected":false},"author":2,"featured_media":7018,"comment_status":"","ping_status":"","sticky":false,"template":"","format":"standard","meta":{"footnotes":"","_share_on_mastodon":"0"},"categories":[80],"tags":[5536,26,27,37,33,35,34,36,31,32,21,28,29,95,19,1437,2693,25,264,23,24,1911,22,20,30,92,93,94],"class_list":["post-7017","post","type-post","status-publish","format-standard","has-post-thumbnail","category-maailm","tag-bornholm","tag-breaking-news","tag-breakingnews","tag-ee","tag-eesti","tag-eesti-keel","tag-estonia","tag-estonian","tag-featured-news","tag-featurednews","tag-headlines","tag-latest-news","tag-latestnews","tag-maailm","tag-news","tag-norra","tag-oslo","tag-populaarseimad-lood","tag-taani","tag-top-stories","tag-topstories","tag-trondheim","tag-uldised-uudised","tag-uudised","tag-viimased-uudised","tag-world","tag-world-news","tag-worldnews"],"share_on_mastodon":{"url":"","error":""},"_links":{"self":[{"href":"https:\/\/www.europesays.com\/ee\/wp-json\/wp\/v2\/posts\/7017","targetHints":{"allow":["GET"]}}],"collection":[{"href":"https:\/\/www.europesays.com\/ee\/wp-json\/wp\/v2\/posts"}],"about":[{"href":"https:\/\/www.europesays.com\/ee\/wp-json\/wp\/v2\/types\/post"}],"author":[{"embeddable":true,"href":"https:\/\/www.europesays.com\/ee\/wp-json\/wp\/v2\/users\/2"}],"replies":[{"embeddable":true,"href":"https:\/\/www.europesays.com\/ee\/wp-json\/wp\/v2\/comments?post=7017"}],"version-history":[{"count":0,"href":"https:\/\/www.europesays.com\/ee\/wp-json\/wp\/v2\/posts\/7017\/revisions"}],"wp:featuredmedia":[{"embeddable":true,"href":"https:\/\/www.europesays.com\/ee\/wp-json\/wp\/v2\/media\/7018"}],"wp:attachment":[{"href":"https:\/\/www.europesays.com\/ee\/wp-json\/wp\/v2\/media?parent=7017"}],"wp:term":[{"taxonomy":"category","embeddable":true,"href":"https:\/\/www.europesays.com\/ee\/wp-json\/wp\/v2\/categories?post=7017"},{"taxonomy":"post_tag","embeddable":true,"href":"https:\/\/www.europesays.com\/ee\/wp-json\/wp\/v2\/tags?post=7017"}],"curies":[{"name":"wp","href":"https:\/\/api.w.org\/{rel}","templated":true}]}}