{"id":71231,"date":"2025-12-23T18:23:09","date_gmt":"2025-12-23T18:23:09","guid":{"rendered":"https:\/\/www.europesays.com\/ee\/71231\/"},"modified":"2025-12-23T18:23:09","modified_gmt":"2025-12-23T18:23:09","slug":"lily-allen-tunnistab-et-uue-albumi-edu-viis-ta-ostusoltuvuse-tottu-teraapiasse","status":"publish","type":"post","link":"https:\/\/www.europesays.com\/ee\/71231\/","title":{"rendered":"Lily Allen tunnistab, et uue albumi edu viis ta ostus\u00f5ltuvuse t\u00f5ttu teraapiasse"},"content":{"rendered":"<p>Lily Allen on avaldanud, et p\u00e4rast oma v\u00e4rske albumi edu hakkas ta ostlema nagu hull. Lauljanna ei varja, et kulutas suuri summasid luksuskaupadele alates kallitest ehetest ja disainerk\u00e4ekottidest kuni sportautoni. Kuigi v\u00e4ljastpoolt v\u00f5ib see paista eduka karj\u00e4\u00e4ri loomuliku osana, m\u00f5istis Allen peagi, et ostlemine oli tema jaoks emotsionaalne toimetulekumehhanism.<\/p>\n","protected":false},"excerpt":{"rendered":"Lily Allen on avaldanud, et p\u00e4rast oma v\u00e4rske albumi edu hakkas ta ostlema nagu hull. Lauljanna ei varja,&hellip;\n","protected":false},"author":2,"featured_media":71232,"comment_status":"","ping_status":"","sticky":false,"template":"","format":"standard","meta":{"footnotes":""},"categories":[84],"tags":[37,33,35,36161,173,34,36,36160,142,14428,36159,140,215,144,1217,4213],"class_list":{"0":"post-71231","1":"post","2":"type-post","3":"status-publish","4":"format-standard","5":"has-post-thumbnail","7":"category-muusika","8":"tag-ee","9":"tag-eesti","10":"tag-eesti-keel","11":"tag-emdr-teraapia","12":"tag-entertainment","13":"tag-estonia","14":"tag-estonian","15":"tag-impulssost","16":"tag-kuulsus","17":"tag-lily-allen","18":"tag-materiaalne-vaartus","19":"tag-meelelahutus","20":"tag-music","21":"tag-muusika","22":"tag-soltuvus","23":"tag-vaimne-tervis"},"share_on_mastodon":{"url":"https:\/\/pubeurope.com\/@ee\/115770281342419822","error":""},"_links":{"self":[{"href":"https:\/\/www.europesays.com\/ee\/wp-json\/wp\/v2\/posts\/71231","targetHints":{"allow":["GET"]}}],"collection":[{"href":"https:\/\/www.europesays.com\/ee\/wp-json\/wp\/v2\/posts"}],"about":[{"href":"https:\/\/www.europesays.com\/ee\/wp-json\/wp\/v2\/types\/post"}],"author":[{"embeddable":true,"href":"https:\/\/www.europesays.com\/ee\/wp-json\/wp\/v2\/users\/2"}],"replies":[{"embeddable":true,"href":"https:\/\/www.europesays.com\/ee\/wp-json\/wp\/v2\/comments?post=71231"}],"version-history":[{"count":0,"href":"https:\/\/www.europesays.com\/ee\/wp-json\/wp\/v2\/posts\/71231\/revisions"}],"wp:featuredmedia":[{"embeddable":true,"href":"https:\/\/www.europesays.com\/ee\/wp-json\/wp\/v2\/media\/71232"}],"wp:attachment":[{"href":"https:\/\/www.europesays.com\/ee\/wp-json\/wp\/v2\/media?parent=71231"}],"wp:term":[{"taxonomy":"category","embeddable":true,"href":"https:\/\/www.europesays.com\/ee\/wp-json\/wp\/v2\/categories?post=71231"},{"taxonomy":"post_tag","embeddable":true,"href":"https:\/\/www.europesays.com\/ee\/wp-json\/wp\/v2\/tags?post=71231"}],"curies":[{"name":"wp","href":"https:\/\/api.w.org\/{rel}","templated":true}]}}