{"id":71321,"date":"2025-12-23T21:57:15","date_gmt":"2025-12-23T21:57:15","guid":{"rendered":"https:\/\/www.europesays.com\/ee\/71321\/"},"modified":"2025-12-23T21:57:15","modified_gmt":"2025-12-23T21:57:15","slug":"loviosa-eestlaseid-vahendavad-puhadega-seonduvaid-kulusid-ja-jatavad-ara-eksootilised-valisreisid","status":"publish","type":"post","link":"https:\/\/www.europesays.com\/ee\/71321\/","title":{"rendered":"L\u00f5viosa eestlaseid v\u00e4hendavad p\u00fchadega seonduvaid kulusid ja j\u00e4tavad \u00e4ra eksootilised v\u00e4lisreisid"},"content":{"rendered":"<p>Selgub, et pea 64% eestlastest plaanivad veeta j\u00f5ulud ja aastavahetuse kodus, samas kui 27% on plaanis k\u00fclastada Eestimaa eri paigus elavaid sugulasi ja s\u00f5pru. L\u00f5unanaabritega v\u00f5rreldes on n\u00e4itajad vastavalt 59 ja 27 protsenti. Balti riikidest enim plaanivad kodust v\u00e4ljapool tegevusi teha leedukad \u2013 52% veedavad aasta l\u00f5pu p\u00fchad kodus, samas kui 36% k\u00fclastavad l\u00e4hedasi Leedu piires.<\/p>\n<p>Seitse protsenti eestlastest plaanib siiski aasta l\u00f5pus k\u00fclastada m\u00f5nda v\u00e4lisriiki. Neist kaks protsenti plaanib reisida Balti riikidesse ning sama suur osa soovib k\u00fclastada Euroopa suurimaid j\u00f5uluturge. Viini, Praha ning Saksamaa ja teiste suuremate linnade j\u00f5uluturud on populaarseimad just noorte (vanuses 18\u201329) seas. \u00dclej\u00e4\u00e4nud kolm protsenti eelistab aga eksootilisemaid sihtkohti, n\u00e4iteks Taid ja L\u00f5una-Aafrikat. Kaugematesse paikadesse reisijate osakaal on suurim 40\u201349-aastaste hulgas.<\/p>\n<p>EconomyBookingsi andmetel olid eelmisel aastal populaarseimad talvised sihtkohad aga Ameerika \u00dchendriigid, Kanada, Tai ja L\u00f5una-Aafrika riigid. Euroopa-siseselt eelistati enim Itaaliat, Hispaaniat, \u00dchendkuningriike ja Austriat.<\/p>\n<p>EconomyBookingsi emafirma Booking Group Corporationi tegevjuhi Alens Baibekovsi s\u00f5nul n\u00e4itavad tulemused, et inimeste reisik\u00e4itumine on muutunud ettevaatlikumaks. \u201eMajanduslik ebakindlus ja kasvavad hinnad panevad p\u00fchadeperioodil kulutusi hoolikamalt planeerima ning \u00fcha enam eelistatakse j\u00f5ule veeta kodus v\u00f5i m\u00f5nes teises kodumaa linnas. Nii otsitakse v\u00f5imalust puhata ilma liigse ajakulu ja stressita,\u201c selgitas ta. <\/p>\n<p>Baibekovsi s\u00f5nul jagunevad reisijad p\u00fchadeperioodil kaheks. Osa planeerib teadlikult pikema ja kulukama puhkusereisi aasta l\u00f5ppu, teised eelistavad aga l\u00fchemaid ja paindlikumaid reise. \u201eViimaste puhul otsitakse eelk\u00f5ige otselennuga sihtkohti, kodule l\u00e4hemal asuvaid reisiv\u00f5imalusi ning l\u00fchiajalist majutust v\u00f5i autorenti. See t\u00e4hendab, et huvi reisimise vastu p\u00fcsib, kuid otsuseid tehakse senisest valikulisemalt ja l\u00e4bim\u00f5eldumalt ning t\u00f5en\u00e4oliselt j\u00e4tkub see trend ka j\u00e4rgmisel aastal,\u201c lausus Baibekovs.<\/p>\n<p>Uuringu viis l\u00e4bi EconomyBookings.com koost\u00f6\u00f6s Norstatiga t\u00e4navu detsembris. K\u00fcsitluses osalesid L\u00e4tist, Leedust ja Eestist vastavalt 1002, 1000 ja 1000 inimest vanuses 18-74.<\/p>\n<p>Kuidas see lugu Sind end tundma pani? Saada <a href=\"https:\/\/reisijuht.delfi.ee\/artikkel\/120425519\/loviosa-eestlaseid-vahendavad-puhadega-seonduvaid-kulusid-ja-jatavad-ara-eksootilised-valisreisid\/kommentaarid\" class=\"article-body-bottom__comment article-body-bottom__comment--write button button--primary button--size-auto\" rel=\"nofollow noopener\" target=\"_blank\"> Kommenteeri <\/a><a href=\"https:\/\/reisijuht.delfi.ee\/artikkel\/120425519\/loviosa-eestlaseid-vahendavad-puhadega-seonduvaid-kulusid-ja-jatavad-ara-eksootilised-valisreisid\/kommentaarid\" class=\"article-body-bottom__comment article-body-bottom__comment--read button button--size-auto\" rel=\"nofollow noopener\" target=\"_blank\"> Loe kommentaare (7)<\/a><\/p>\n","protected":false},"excerpt":{"rendered":"Selgub, et pea 64% eestlastest plaanivad veeta j\u00f5ulud ja aastavahetuse kodus, samas kui 27% on plaanis k\u00fclastada Eestimaa&hellip;\n","protected":false},"author":2,"featured_media":36412,"comment_status":"","ping_status":"","sticky":false,"template":"","format":"standard","meta":{"footnotes":""},"categories":[80],"tags":[26,27,37,33,35,34,36,31,32,21,22862,28,29,95,19,25,1250,23,24,22,20,30,92,93,94],"class_list":{"0":"post-71321","1":"post","2":"type-post","3":"status-publish","4":"format-standard","5":"has-post-thumbnail","7":"category-maailm","8":"tag-breaking-news","9":"tag-breakingnews","10":"tag-ee","11":"tag-eesti","12":"tag-eesti-keel","13":"tag-estonia","14":"tag-estonian","15":"tag-featured-news","16":"tag-featurednews","17":"tag-headlines","18":"tag-jouluvana","19":"tag-latest-news","20":"tag-latestnews","21":"tag-maailm","22":"tag-news","23":"tag-populaarseimad-lood","24":"tag-reisimine","25":"tag-top-stories","26":"tag-topstories","27":"tag-uldised-uudised","28":"tag-uudised","29":"tag-viimased-uudised","30":"tag-world","31":"tag-world-news","32":"tag-worldnews"},"share_on_mastodon":{"url":"https:\/\/pubeurope.com\/@ee\/115771122832280852","error":""},"_links":{"self":[{"href":"https:\/\/www.europesays.com\/ee\/wp-json\/wp\/v2\/posts\/71321","targetHints":{"allow":["GET"]}}],"collection":[{"href":"https:\/\/www.europesays.com\/ee\/wp-json\/wp\/v2\/posts"}],"about":[{"href":"https:\/\/www.europesays.com\/ee\/wp-json\/wp\/v2\/types\/post"}],"author":[{"embeddable":true,"href":"https:\/\/www.europesays.com\/ee\/wp-json\/wp\/v2\/users\/2"}],"replies":[{"embeddable":true,"href":"https:\/\/www.europesays.com\/ee\/wp-json\/wp\/v2\/comments?post=71321"}],"version-history":[{"count":0,"href":"https:\/\/www.europesays.com\/ee\/wp-json\/wp\/v2\/posts\/71321\/revisions"}],"wp:featuredmedia":[{"embeddable":true,"href":"https:\/\/www.europesays.com\/ee\/wp-json\/wp\/v2\/media\/36412"}],"wp:attachment":[{"href":"https:\/\/www.europesays.com\/ee\/wp-json\/wp\/v2\/media?parent=71321"}],"wp:term":[{"taxonomy":"category","embeddable":true,"href":"https:\/\/www.europesays.com\/ee\/wp-json\/wp\/v2\/categories?post=71321"},{"taxonomy":"post_tag","embeddable":true,"href":"https:\/\/www.europesays.com\/ee\/wp-json\/wp\/v2\/tags?post=71321"}],"curies":[{"name":"wp","href":"https:\/\/api.w.org\/{rel}","templated":true}]}}