{"id":71356,"date":"2025-12-24T03:08:15","date_gmt":"2025-12-24T03:08:15","guid":{"rendered":"https:\/\/www.europesays.com\/ee\/71356\/"},"modified":"2025-12-24T03:08:15","modified_gmt":"2025-12-24T03:08:15","slug":"olen-sundinud-naise-kehasse-aga-tundnud-ennast-vaga-pikalt-poisina","status":"publish","type":"post","link":"https:\/\/www.europesays.com\/ee\/71356\/","title":{"rendered":"olen s\u00fcndinud naise kehasse, aga tundnud ennast v\u00e4ga pikalt poisina"},"content":{"rendered":"<p>Inger t\u00f5des, et vanemaks saades on ta \u00f5ppinud selliste probleemidega rahumeelselt tegelema. \u201eM\u00f5tled, kuidas ma sellega n\u00fc\u00fcd enda sees tegelen, kui keegi \u00fctleb mulle avalikult halvasti,\u201c k\u00f5neles ta. \u201eOlen v\u00f5tnud seda niimoodi, et \u00fctlejal on omad probleemid, ta ei osanud energiat kuhugi panna, tahtis seda mulle lihtsalt v\u00e4lja \u00f6elda ning niimoodi hakkab tal parem. P\u00fc\u00fcad s\u00f5nastada selle asja nii nagu see ei oleks sinuga seotud, vaid lihtsalt avalik m\u00fcra. See on kellegi teise probleem, mida ta p\u00fc\u00fcab sulle tuua, sest nii on tema jaoks lihtsam.\u201c<\/p>\n<p>K\u00fcllap poleks sooteema nii valuliseks kujunenud, kui Inger poleks \u00fcht\u00e4kki suurele lavale ilmunud. \u201eInimesed teavad mind 2018. aastast, kui alustasin muusikukarj\u00e4\u00e4riga ja l\u00e4ksin oma kollaste sokkide ja ukulelega Eesti Laulule,\u201c meenutas ta. \u201eOlin nunnu Inger, aga ei l\u00e4inudki kaua, kui olid esimesed k\u00fcsimused ja artiklid minu soo kohta. Tol hetkel oli see v\u00e4ga keeruline, sest tunnen, et minus on m\u00f5lemat sugu. Ma ei taha ennast defineerida, sest tunnengi m\u00f5lemat osa endas. Miks see oluline on, kui ma olen ju muusik ja teen laule? Tol hetkel tegi see v\u00e4ga haiget, ent sain aru, et see ongi minu elu.\u201c<\/p>\n<p>Ent artiklitele j\u00e4rgnesid kommentaarid, mis muusikut imestama panid. \u201eN\u00e4ib, et inimesed valutavad t\u00f5esti selle teema \u00fcle pead,\u201c s\u00f5nas ta. \u201e\u00dchelt poolt ma isegi m\u00f5istan neid ja saan aru, et nad v\u00e4ga tahavad teada, mis soost ma olen. Kui keegi v\u00e4ga soovib teada, siis olen s\u00fcndinud naise kehasse, aga olen tundnud ennast v\u00e4ga pikalt poisina. Minus on m\u00f5lemat osa. Ma ei tunne ennast selles osas halvasti, ma ei tunne end h\u00e4lviku v\u00f5i imelikuna. See olen lihtsalt mina ja see on minu lugu.\u201c<\/p>\n<p>T\u00e4ispikka vestlust Ingeriga vaata siit:<\/p>\n","protected":false},"excerpt":{"rendered":"Inger t\u00f5des, et vanemaks saades on ta \u00f5ppinud selliste probleemidega rahumeelselt tegelema. \u201eM\u00f5tled, kuidas ma sellega n\u00fc\u00fcd enda&hellip;\n","protected":false},"author":2,"featured_media":71357,"comment_status":"","ping_status":"","sticky":false,"template":"","format":"standard","meta":{"footnotes":""},"categories":[91],"tags":[240,37,33,35,173,34,36,241,140],"class_list":{"0":"post-71356","1":"post","2":"type-post","3":"status-publish","4":"format-standard","5":"has-post-thumbnail","7":"category-kuulsused","8":"tag-celebrities","9":"tag-ee","10":"tag-eesti","11":"tag-eesti-keel","12":"tag-entertainment","13":"tag-estonia","14":"tag-estonian","15":"tag-kuulsused","16":"tag-meelelahutus"},"share_on_mastodon":{"url":"https:\/\/pubeurope.com\/@ee\/115772345762517344","error":""},"_links":{"self":[{"href":"https:\/\/www.europesays.com\/ee\/wp-json\/wp\/v2\/posts\/71356","targetHints":{"allow":["GET"]}}],"collection":[{"href":"https:\/\/www.europesays.com\/ee\/wp-json\/wp\/v2\/posts"}],"about":[{"href":"https:\/\/www.europesays.com\/ee\/wp-json\/wp\/v2\/types\/post"}],"author":[{"embeddable":true,"href":"https:\/\/www.europesays.com\/ee\/wp-json\/wp\/v2\/users\/2"}],"replies":[{"embeddable":true,"href":"https:\/\/www.europesays.com\/ee\/wp-json\/wp\/v2\/comments?post=71356"}],"version-history":[{"count":0,"href":"https:\/\/www.europesays.com\/ee\/wp-json\/wp\/v2\/posts\/71356\/revisions"}],"wp:featuredmedia":[{"embeddable":true,"href":"https:\/\/www.europesays.com\/ee\/wp-json\/wp\/v2\/media\/71357"}],"wp:attachment":[{"href":"https:\/\/www.europesays.com\/ee\/wp-json\/wp\/v2\/media?parent=71356"}],"wp:term":[{"taxonomy":"category","embeddable":true,"href":"https:\/\/www.europesays.com\/ee\/wp-json\/wp\/v2\/categories?post=71356"},{"taxonomy":"post_tag","embeddable":true,"href":"https:\/\/www.europesays.com\/ee\/wp-json\/wp\/v2\/tags?post=71356"}],"curies":[{"name":"wp","href":"https:\/\/api.w.org\/{rel}","templated":true}]}}