{"id":71598,"date":"2025-12-24T13:18:09","date_gmt":"2025-12-24T13:18:09","guid":{"rendered":"https:\/\/www.europesays.com\/ee\/71598\/"},"modified":"2025-12-24T13:18:09","modified_gmt":"2025-12-24T13:18:09","slug":"uut-verevalamist-kartvad-suuria-kristlased-tahistavad-joule-voimude-valvsa-pilgu-all","status":"publish","type":"post","link":"https:\/\/www.europesays.com\/ee\/71598\/","title":{"rendered":"Uut verevalamist kartvad S\u00fc\u00fcria kristlased t\u00e4histavad j\u00f5ule v\u00f5imude valvsa pilgu all"},"content":{"rendered":"<p>J\u00f5ulutuled valgustavad Damaskuse vanalinna, samal ajal kui valitsusv\u00e4ed patrullivad varjulistes kohtades, turvates S\u00fc\u00fcria kristlaste kogukonda, kes elab pidevas v\u00e4givallahirmus.<\/p>\n<p>Kristlastel on v\u00e4rskelt meeles juunis S\u00fc\u00fcria pealinnas P\u00fcha Eelija kirikus toimunud tulistamine ja enesetapur\u00fcnnak, mille tagaj\u00e4rjel hukkus 25 inimest ja k\u00fcmned said vigastada.<\/p>\n","protected":false},"excerpt":{"rendered":"J\u00f5ulutuled valgustavad Damaskuse vanalinna, samal ajal kui valitsusv\u00e4ed patrullivad varjulistes kohtades, turvates S\u00fc\u00fcria kristlaste kogukonda, kes elab pidevas&hellip;\n","protected":false},"author":2,"featured_media":71599,"comment_status":"","ping_status":"","sticky":false,"template":"","format":"standard","meta":{"footnotes":"","_share_on_mastodon":"0"},"categories":[80],"tags":[36295,9128,26,27,36298,37,33,35,34,36,31,32,36299,36300,21,9585,28,29,36297,95,19,25,36301,1604,36296,23,24,22,20,30,92,93,94],"class_list":["post-71598","post","type-post","status-publish","format-standard","has-post-thumbnail","category-maailm","tag-abeer-hanna","tag-bashar-al-assad","tag-breaking-news","tag-breakingnews","tag-damaskus","tag-ee","tag-eesti","tag-eesti-keel","tag-estonia","tag-estonian","tag-featured-news","tag-featurednews","tag-fuad-farhat","tag-hanaa-masoud","tag-headlines","tag-islamiriik","tag-latest-news","tag-latestnews","tag-loris-aasaf","tag-maailm","tag-news","tag-populaarseimad-lood","tag-puha-eelija-kirik","tag-suuria","tag-tala-shamoun","tag-top-stories","tag-topstories","tag-uldised-uudised","tag-uudised","tag-viimased-uudised","tag-world","tag-world-news","tag-worldnews"],"share_on_mastodon":{"url":"https:\/\/pubeurope.com\/@ee\/115774744749730191","error":""},"_links":{"self":[{"href":"https:\/\/www.europesays.com\/ee\/wp-json\/wp\/v2\/posts\/71598","targetHints":{"allow":["GET"]}}],"collection":[{"href":"https:\/\/www.europesays.com\/ee\/wp-json\/wp\/v2\/posts"}],"about":[{"href":"https:\/\/www.europesays.com\/ee\/wp-json\/wp\/v2\/types\/post"}],"author":[{"embeddable":true,"href":"https:\/\/www.europesays.com\/ee\/wp-json\/wp\/v2\/users\/2"}],"replies":[{"embeddable":true,"href":"https:\/\/www.europesays.com\/ee\/wp-json\/wp\/v2\/comments?post=71598"}],"version-history":[{"count":0,"href":"https:\/\/www.europesays.com\/ee\/wp-json\/wp\/v2\/posts\/71598\/revisions"}],"wp:featuredmedia":[{"embeddable":true,"href":"https:\/\/www.europesays.com\/ee\/wp-json\/wp\/v2\/media\/71599"}],"wp:attachment":[{"href":"https:\/\/www.europesays.com\/ee\/wp-json\/wp\/v2\/media?parent=71598"}],"wp:term":[{"taxonomy":"category","embeddable":true,"href":"https:\/\/www.europesays.com\/ee\/wp-json\/wp\/v2\/categories?post=71598"},{"taxonomy":"post_tag","embeddable":true,"href":"https:\/\/www.europesays.com\/ee\/wp-json\/wp\/v2\/tags?post=71598"}],"curies":[{"name":"wp","href":"https:\/\/api.w.org\/{rel}","templated":true}]}}