{"id":71657,"date":"2025-12-24T15:15:17","date_gmt":"2025-12-24T15:15:17","guid":{"rendered":"https:\/\/www.europesays.com\/ee\/71657\/"},"modified":"2025-12-24T15:15:17","modified_gmt":"2025-12-24T15:15:17","slug":"vot-olid-joulud-15-aastat-tagasi-jai-paljudes-kodudes-jouluvana-tulemata","status":"publish","type":"post","link":"https:\/\/www.europesays.com\/ee\/71657\/","title":{"rendered":"\u201eVot olid j\u00f5ulud!\u201c 15 aastat tagasi j\u00e4i paljudes kodudes j\u00f5uluvana tulemata"},"content":{"rendered":"<p>24.12.2025, 14:06<\/p>\n<p><br clear=\"all\"\/>\u00a0<\/p>\n<p>Vaata kaarti, kus on Eestis suurem t\u00f5en\u00e4osus valgeteks j\u00f5uludeks!<\/p>\n<p>Viimase 25 aasta j\u00f5ululaup\u00e4evadest on 20 korral ehk neljal aastal viiest olnud v\u00e4hemalt kusagil Eestis maa valge. 15 aastat tagasi oli lund lausa nii palju, et ei p\u00e4\u00e4senud liikumagi.<\/p>\n<p>Millega l\u00e4ks 2010. aasta j\u00f5ululaup\u00e4eval ajalukku poolesaja elanikuga S\u00e4mi k\u00fcla? V\u00f5ib arvata, et sellele k\u00fcsimusele vastamisega j\u00e4\u00e4vad j\u00e4nni ka kogenud m\u00e4lum\u00e4ngurid. Kes just Virumaalt p\u00e4rit pole, ei pruugi sellenimelisest paigast Rakvere vallas kuulnudki olla. Vastus on, et S\u00e4mi k\u00fcla nimel on j\u00f5ululaup\u00e4eva lumikatte paksuse Eesti rekord. Sealses sademete m\u00f5\u00f5tejaamas pandi 24. detsembril 2010 kirja 63 sentimeetrit!<\/p>\n","protected":false},"excerpt":{"rendered":"24.12.2025, 14:06 \u00a0 Vaata kaarti, kus on Eestis suurem t\u00f5en\u00e4osus valgeteks j\u00f5uludeks! Viimase 25 aasta j\u00f5ululaup\u00e4evadest on 20&hellip;\n","protected":false},"author":2,"featured_media":71658,"comment_status":"","ping_status":"","sticky":false,"template":"","format":"standard","meta":{"footnotes":"","_share_on_mastodon":"0"},"categories":[12],"tags":[26,27,37,33,35,34,36,31,32,21,668,36339,12286,34327,28,29,8118,19,25,2836,23,24,22,20,30],"class_list":["post-71657","post","type-post","status-publish","format-standard","has-post-thumbnail","category-eesti","tag-breaking-news","tag-breakingnews","tag-ee","tag-eesti","tag-eesti-keel","tag-estonia","tag-estonian","tag-featured-news","tag-featurednews","tag-headlines","tag-ilm","tag-ilmarekord","tag-joulud","tag-jouluilm","tag-latest-news","tag-latestnews","tag-lumi","tag-news","tag-populaarseimad-lood","tag-talv","tag-top-stories","tag-topstories","tag-uldised-uudised","tag-uudised","tag-viimased-uudised"],"share_on_mastodon":{"url":"https:\/\/pubeurope.com\/@ee\/115775204553290849","error":""},"_links":{"self":[{"href":"https:\/\/www.europesays.com\/ee\/wp-json\/wp\/v2\/posts\/71657","targetHints":{"allow":["GET"]}}],"collection":[{"href":"https:\/\/www.europesays.com\/ee\/wp-json\/wp\/v2\/posts"}],"about":[{"href":"https:\/\/www.europesays.com\/ee\/wp-json\/wp\/v2\/types\/post"}],"author":[{"embeddable":true,"href":"https:\/\/www.europesays.com\/ee\/wp-json\/wp\/v2\/users\/2"}],"replies":[{"embeddable":true,"href":"https:\/\/www.europesays.com\/ee\/wp-json\/wp\/v2\/comments?post=71657"}],"version-history":[{"count":0,"href":"https:\/\/www.europesays.com\/ee\/wp-json\/wp\/v2\/posts\/71657\/revisions"}],"wp:featuredmedia":[{"embeddable":true,"href":"https:\/\/www.europesays.com\/ee\/wp-json\/wp\/v2\/media\/71658"}],"wp:attachment":[{"href":"https:\/\/www.europesays.com\/ee\/wp-json\/wp\/v2\/media?parent=71657"}],"wp:term":[{"taxonomy":"category","embeddable":true,"href":"https:\/\/www.europesays.com\/ee\/wp-json\/wp\/v2\/categories?post=71657"},{"taxonomy":"post_tag","embeddable":true,"href":"https:\/\/www.europesays.com\/ee\/wp-json\/wp\/v2\/tags?post=71657"}],"curies":[{"name":"wp","href":"https:\/\/api.w.org\/{rel}","templated":true}]}}