{"id":71712,"date":"2025-12-24T16:58:33","date_gmt":"2025-12-24T16:58:33","guid":{"rendered":"https:\/\/www.europesays.com\/ee\/71712\/"},"modified":"2025-12-24T16:58:33","modified_gmt":"2025-12-24T16:58:33","slug":"loodusvaatlus-%e2%9f%a9-metsloomade-elu-kulgeb-lume-ja-kulmata-holpsamalt","status":"publish","type":"post","link":"https:\/\/www.europesays.com\/ee\/71712\/","title":{"rendered":"LOODUSVAATLUS \u27e9 Metsloomade elu kulgeb lume ja k\u00fclmata h\u00f5lpsamalt"},"content":{"rendered":"<p>Mida mahedamad ilmad, seda muretum on elada \u00fcle pikki \u00f6id ja p\u00e4evasel ajal leida toitu. Mahapudenenud seemneid leiab ning saab noka vahele lume ja j\u00e4\u00e4ta h\u00f5lpsamalt, putukad ja \u00e4mblikud on soojaga veel liikuvad ning neist toitujatele t\u00e4hendab see v\u00e4hem otsimist ja energia kulutamist. Esimesed sulelised, kes mulle seoses karmide talviste olude \u00fcleelamisega silme ette tulevad, on p\u00f6ialpoisid \u2013 meie k\u00f5ige pisemad metsalinnud.<\/p>\n","protected":false},"excerpt":{"rendered":"Mida mahedamad ilmad, seda muretum on elada \u00fcle pikki \u00f6id ja p\u00e4evasel ajal leida toitu. Mahapudenenud seemneid leiab&hellip;\n","protected":false},"author":2,"featured_media":71713,"comment_status":"","ping_status":"","sticky":false,"template":"","format":"standard","meta":{"footnotes":"","_share_on_mastodon":"0"},"categories":[5],"tags":[26,27,37,33,35,34,36,31,32,21,11588,36359,3093,28,29,36360,19,8231,36358,36357,25,2836,23,24,22,20,30],"class_list":["post-71712","post","type-post","status-publish","format-standard","has-post-thumbnail","category-uldised-uudised","tag-breaking-news","tag-breakingnews","tag-ee","tag-eesti","tag-eesti-keel","tag-estonia","tag-estonian","tag-featured-news","tag-featurednews","tag-headlines","tag-joulukuusk","tag-karl-adami","tag-kuusk","tag-latest-news","tag-latestnews","tag-metseleid","tag-news","tag-poder","tag-podralamm","tag-poialpoisid","tag-populaarseimad-lood","tag-talv","tag-top-stories","tag-topstories","tag-uldised-uudised","tag-uudised","tag-viimased-uudised"],"share_on_mastodon":{"url":"https:\/\/pubeurope.com\/@ee\/115775609533308331","error":""},"_links":{"self":[{"href":"https:\/\/www.europesays.com\/ee\/wp-json\/wp\/v2\/posts\/71712","targetHints":{"allow":["GET"]}}],"collection":[{"href":"https:\/\/www.europesays.com\/ee\/wp-json\/wp\/v2\/posts"}],"about":[{"href":"https:\/\/www.europesays.com\/ee\/wp-json\/wp\/v2\/types\/post"}],"author":[{"embeddable":true,"href":"https:\/\/www.europesays.com\/ee\/wp-json\/wp\/v2\/users\/2"}],"replies":[{"embeddable":true,"href":"https:\/\/www.europesays.com\/ee\/wp-json\/wp\/v2\/comments?post=71712"}],"version-history":[{"count":0,"href":"https:\/\/www.europesays.com\/ee\/wp-json\/wp\/v2\/posts\/71712\/revisions"}],"wp:featuredmedia":[{"embeddable":true,"href":"https:\/\/www.europesays.com\/ee\/wp-json\/wp\/v2\/media\/71713"}],"wp:attachment":[{"href":"https:\/\/www.europesays.com\/ee\/wp-json\/wp\/v2\/media?parent=71712"}],"wp:term":[{"taxonomy":"category","embeddable":true,"href":"https:\/\/www.europesays.com\/ee\/wp-json\/wp\/v2\/categories?post=71712"},{"taxonomy":"post_tag","embeddable":true,"href":"https:\/\/www.europesays.com\/ee\/wp-json\/wp\/v2\/tags?post=71712"}],"curies":[{"name":"wp","href":"https:\/\/api.w.org\/{rel}","templated":true}]}}