{"id":71732,"date":"2025-12-24T18:48:08","date_gmt":"2025-12-24T18:48:08","guid":{"rendered":"https:\/\/www.europesays.com\/ee\/71732\/"},"modified":"2025-12-24T18:48:08","modified_gmt":"2025-12-24T18:48:08","slug":"nadalavahetusel-on-laane-eestis-oodata-tormi","status":"publish","type":"post","link":"https:\/\/www.europesays.com\/ee\/71732\/","title":{"rendered":"N\u00e4dalavahetusel on L\u00e4\u00e4ne-Eestis oodata tormi"},"content":{"rendered":"<p>Keskkonnaagentuuri prognoosi kohaselt on laup\u00e4eval oodata muutliku pilvisusega ilma. Ennel\u00f5unal v\u00f5ib sadada v\u00e4hest vihma, p\u00e4rastl\u00f5unal on mitmel pool vihma ja l\u00f6rtsihooge, \u00f5htul sajab sekka ka lund. L\u00e4\u00e4ne- ja loodetuul tugevneb 5-10, puhanguti kuni 15 m\/s. Saartel ja rannikul tugevneb loodetuul 10-15, puhanguti kuni 22, p\u00e4rastl\u00f5unal 13-19, puhanguti kuni 25, \u00f5htul saarte rannikul vastu merd 15-21, puhanguti kuni 30 m\/s. \u00d5hutemperatuur on 2..7\u00b0C.<\/p>\n","protected":false},"excerpt":{"rendered":"Keskkonnaagentuuri prognoosi kohaselt on laup\u00e4eval oodata muutliku pilvisusega ilma. Ennel\u00f5unal v\u00f5ib sadada v\u00e4hest vihma, p\u00e4rastl\u00f5unal on mitmel pool&hellip;\n","protected":false},"author":2,"featured_media":71733,"comment_status":"","ping_status":"","sticky":false,"template":"","format":"standard","meta":{"footnotes":"","_share_on_mastodon":"0"},"categories":[12],"tags":[26,27,37,33,35,34,36,31,32,21,13188,28,29,19,25,23,24,850,22,20,30],"class_list":["post-71732","post","type-post","status-publish","format-standard","has-post-thumbnail","category-eesti","tag-breaking-news","tag-breakingnews","tag-ee","tag-eesti","tag-eesti-keel","tag-estonia","tag-estonian","tag-featured-news","tag-featurednews","tag-headlines","tag-laane-eesti","tag-latest-news","tag-latestnews","tag-news","tag-populaarseimad-lood","tag-top-stories","tag-topstories","tag-torm","tag-uldised-uudised","tag-uudised","tag-viimased-uudised"],"share_on_mastodon":{"url":"https:\/\/pubeurope.com\/@ee\/115776041965153543","error":""},"_links":{"self":[{"href":"https:\/\/www.europesays.com\/ee\/wp-json\/wp\/v2\/posts\/71732","targetHints":{"allow":["GET"]}}],"collection":[{"href":"https:\/\/www.europesays.com\/ee\/wp-json\/wp\/v2\/posts"}],"about":[{"href":"https:\/\/www.europesays.com\/ee\/wp-json\/wp\/v2\/types\/post"}],"author":[{"embeddable":true,"href":"https:\/\/www.europesays.com\/ee\/wp-json\/wp\/v2\/users\/2"}],"replies":[{"embeddable":true,"href":"https:\/\/www.europesays.com\/ee\/wp-json\/wp\/v2\/comments?post=71732"}],"version-history":[{"count":0,"href":"https:\/\/www.europesays.com\/ee\/wp-json\/wp\/v2\/posts\/71732\/revisions"}],"wp:featuredmedia":[{"embeddable":true,"href":"https:\/\/www.europesays.com\/ee\/wp-json\/wp\/v2\/media\/71733"}],"wp:attachment":[{"href":"https:\/\/www.europesays.com\/ee\/wp-json\/wp\/v2\/media?parent=71732"}],"wp:term":[{"taxonomy":"category","embeddable":true,"href":"https:\/\/www.europesays.com\/ee\/wp-json\/wp\/v2\/categories?post=71732"},{"taxonomy":"post_tag","embeddable":true,"href":"https:\/\/www.europesays.com\/ee\/wp-json\/wp\/v2\/tags?post=71732"}],"curies":[{"name":"wp","href":"https:\/\/api.w.org\/{rel}","templated":true}]}}