{"id":71870,"date":"2025-12-25T06:41:10","date_gmt":"2025-12-25T06:41:10","guid":{"rendered":"https:\/\/www.europesays.com\/ee\/71870\/"},"modified":"2025-12-25T06:41:10","modified_gmt":"2025-12-25T06:41:10","slug":"miks-kuld-ja-hobe-saavutasid-sel-aastal-ajaloolise-kasumi-bitcoin-com-news","status":"publish","type":"post","link":"https:\/\/www.europesays.com\/ee\/71870\/","title":{"rendered":"Miks kuld ja h\u00f5be saavutasid sel aastal ajaloolise kasumi &#8211; Bitcoin.com News"},"content":{"rendered":"<ol>\n<li><a href=\"https:\/\/news.google.com\/rss\/articles\/CBMijwFBVV95cUxPbUhnUDZTRkhWTFFYZ0VjR0FtSFFhZUhDSjNPRE0zSmhPNzU2NkFYcW9pWHdUNld3Um44RTl0NFNpWjJ1R2F3ZUNwZjc4WnJaU3N0dGlsdC1YUVFybHJjSXgxcFpQRFlPUllSbW5rYUFHa0RTbXNlaTZ5dm5uUkc5SVp6bU9IQ2FYX2hpWlYwaw?oc=5\" target=\"_blank\" rel=\"nofollow noopener\">Miks kuld ja h\u00f5be saavutasid sel aastal ajaloolise kasumi<\/a>&nbsp;&nbsp;Bitcoin.com News<\/li>\n<li><a href=\"https:\/\/news.google.com\/rss\/articles\/CBMisAFBVV95cUxNeHdfM1I5QXZVcVY4RFlxRG1jWEdobDlrWlBxazl2RmF6a1lPeHJaZnQtUlNpSVZkcVQwNnliYzR6TlFiRkhDZ19KbWJJNGlLNkc4akwwcVpYRXpiOUJNUU0xMmtsSEF3aUt5aGlMUXpaRkJWSnNjRlhYQ1JPcURRX1hpbWRrR1AyRlh5c0tRWGFiMVMybmdJOExadkVyVUlRa1JOdFlxMmt1QTdTWVk0SQ?oc=5\" target=\"_blank\" rel=\"nofollow noopener\">Kuld maksab esmakordselt enam kui 4500 dollarit, h\u00f5be flirdib 70 dollariga<\/a>&nbsp;&nbsp;Majandus<\/li>\n<li><a href=\"https:\/\/news.google.com\/rss\/articles\/CBMinwFBVV95cUxOdU1XdjAzNm96NlYyWDJqTUZwNmpOcG5pWWhRZ3kzWGxvS2phQjd1UDlTZmlPZFNqUzRZTmJHN2lQNERjY1VEMmhxaWtESVNlTnVKWXp4NDl3cTBGZUpwWlEtOXRiX0Q0TGV5S0lTRVVMM0JWcWdHYjk3Smo4SVp4Y2otak1zbHo1WnYtZE9NdlBvTk5BbUl6TWFXRmNsTTg?oc=5\" target=\"_blank\" rel=\"nofollow noopener\">Kuld ja h\u00f5be p\u00fcstitavad rekordeid. T\u00f5us j\u00e4tkub hooga<\/a>&nbsp;&nbsp;\u00c4rip\u00e4ev<\/li>\n<li><a href=\"https:\/\/news.google.com\/rss\/articles\/CBMi5AJBVV95cUxOSklJb1ZCVWZIMFdCWXZhZVF1WTNUYU5aS1NXUnpLb0F4cnFJLVlJUGRfaU1mUE1GcEhXNXlfN1B5bjcwR2JVZUJYMGp6cEMtTUNia3RTLVd3cmRmMHlfWjdZQU5iUDQ4OU9vSnNpUFpQWTVVNnd2Mk12TTVfcGtZZ0J5WE1ESmJKZ0YySWxaVkRRVmk1VDJXXzFPOWl6ODFkZW1hTXJiNlVfbnUybDNNUjhyVW82V3FqQzQ0eXpFbm1rWFVzd3U1YU50LWtOVFgtdTZBbEZjaEdrVUMxUHJnWDQxMHZPOVhEa1habThFVEFEN2RzcUplVkV2UVh2VU5zN1BkTE1hWHRZM2hjNHg5REZ4b0k5MVFkcWNlcmU2c3JIdHhVbWdKb0pycTJDM1YxYjgwLXVNTkFjV290SV9NR1VVamZ4YkNfal9ielZ2dXpZREZTQ3FjNm5qWEhfU2l5YzN5MA?oc=5\" target=\"_blank\" rel=\"nofollow noopener\">Globaalse valuutaturu kokkuv\u00f5te: kulla hind t\u00f5usis p\u00fchadeaegse kasumi realiseerimise t\u00f5ttu rekordiliselt k\u00f5rgele, geopoliitilised riskid p\u00fcsivad ja Fedi leebe suhtumine dollarisse, 24. detsember 2025<\/a>&nbsp;&nbsp;FinanceFeeds<\/li>\n<li><a href=\"https:\/\/news.google.com\/rss\/articles\/CBMimAFBVV95cUxOZWlZSnZ4ZzEwdW5Cb0wtYVVha2hkTXo5Vm1QZ3U0LTh5RU5Ucm5CdkZhY1RZaXlSYnNWaWpNZHl3Q183U2FMSjcydlk5Qkx1SjV4U1pZSXdsVmZUTktkSDV1S2xOTlYtcEdiR1M2Nkl4c1hZZzdxd2tvTHZ0QW1zT2NIVjJGd1lJVEtiZ1NRbzllcENlb0l5QQ?oc=5\" target=\"_blank\" rel=\"nofollow noopener\">Kulla ja H\u00f5beda Rekordtulemused Investorite Ebakindluse Valguses<\/a>&nbsp;&nbsp;Bitcoin.com News<\/li>\n<\/ol>\n","protected":false},"excerpt":{"rendered":"Miks kuld ja h\u00f5be saavutasid sel aastal ajaloolise kasumi&nbsp;&nbsp;Bitcoin.com News Kuld maksab esmakordselt enam kui 4500 dollarit, h\u00f5be&hellip;\n","protected":false},"author":2,"featured_media":71871,"comment_status":"","ping_status":"","sticky":false,"template":"","format":"standard","meta":{"footnotes":"","_share_on_mastodon":"0"},"categories":[14],"tags":[131,130,37,33,35,34,36,14916,5045,14987],"class_list":["post-71870","post","type-post","status-publish","format-standard","has-post-thumbnail","category-ari","tag-ari","tag-business","tag-ee","tag-eesti","tag-eesti-keel","tag-estonia","tag-estonian","tag-gold","tag-markets-and-prices","tag-silver"],"share_on_mastodon":{"url":"https:\/\/pubeurope.com\/@ee\/115778845628637811","error":""},"_links":{"self":[{"href":"https:\/\/www.europesays.com\/ee\/wp-json\/wp\/v2\/posts\/71870","targetHints":{"allow":["GET"]}}],"collection":[{"href":"https:\/\/www.europesays.com\/ee\/wp-json\/wp\/v2\/posts"}],"about":[{"href":"https:\/\/www.europesays.com\/ee\/wp-json\/wp\/v2\/types\/post"}],"author":[{"embeddable":true,"href":"https:\/\/www.europesays.com\/ee\/wp-json\/wp\/v2\/users\/2"}],"replies":[{"embeddable":true,"href":"https:\/\/www.europesays.com\/ee\/wp-json\/wp\/v2\/comments?post=71870"}],"version-history":[{"count":0,"href":"https:\/\/www.europesays.com\/ee\/wp-json\/wp\/v2\/posts\/71870\/revisions"}],"wp:featuredmedia":[{"embeddable":true,"href":"https:\/\/www.europesays.com\/ee\/wp-json\/wp\/v2\/media\/71871"}],"wp:attachment":[{"href":"https:\/\/www.europesays.com\/ee\/wp-json\/wp\/v2\/media?parent=71870"}],"wp:term":[{"taxonomy":"category","embeddable":true,"href":"https:\/\/www.europesays.com\/ee\/wp-json\/wp\/v2\/categories?post=71870"},{"taxonomy":"post_tag","embeddable":true,"href":"https:\/\/www.europesays.com\/ee\/wp-json\/wp\/v2\/tags?post=71870"}],"curies":[{"name":"wp","href":"https:\/\/api.w.org\/{rel}","templated":true}]}}