{"id":71949,"date":"2025-12-25T09:28:07","date_gmt":"2025-12-25T09:28:07","guid":{"rendered":"https:\/\/www.europesays.com\/ee\/71949\/"},"modified":"2025-12-25T09:28:07","modified_gmt":"2025-12-25T09:28:07","slug":"joulupuhad-ning-ahvatlev-kulla-hind-panid-inimesed-pandimajade-uksi-kulutama","status":"publish","type":"post","link":"https:\/\/www.europesays.com\/ee\/71949\/","title":{"rendered":"J\u00f5ulup\u00fchad ning ahvatlev kulla hind panid inimesed pandimajade uksi kulutama"},"content":{"rendered":"<p>Viimastel n\u00e4dalatel ja kuudel on pandimajade t\u00f6\u00f6tajatel k\u00e4ed-jalad t\u00f6\u00f6d t\u00e4is olnud \u2013 \u00fcks Tartu pandimaja suisa laienes, Eesti suurimas pandimajade ketis s\u00fcndis aga viimase paarik\u00fcmne aasta k\u00e4iberekord.<\/p>\n<p>Annelinnas tegutsev pandimaja Kullake asus varemgi Kalda tee Maximas, ent kolis kuu aja eest enam kui poole suuremale pinnale, pea 80 ruutmeetrile.<\/p>\n","protected":false},"excerpt":{"rendered":"Viimastel n\u00e4dalatel ja kuudel on pandimajade t\u00f6\u00f6tajatel k\u00e4ed-jalad t\u00f6\u00f6d t\u00e4is olnud \u2013 \u00fcks Tartu pandimaja suisa laienes, Eesti&hellip;\n","protected":false},"author":2,"featured_media":71950,"comment_status":"","ping_status":"","sticky":false,"template":"","format":"standard","meta":{"footnotes":"","_share_on_mastodon":"0"},"categories":[14],"tags":[131,130,37,33,35,32352,34,36,12286,3586,36432,9515,20250,36431,11223],"class_list":["post-71949","post","type-post","status-publish","format-standard","has-post-thumbnail","category-ari","tag-ari","tag-business","tag-ee","tag-eesti","tag-eesti-keel","tag-ehted","tag-estonia","tag-estonian","tag-joulud","tag-kuld","tag-kulehted","tag-kulla-hind","tag-luutar","tag-pandimaja-kullake","tag-pandimajad"],"share_on_mastodon":{"url":"https:\/\/pubeurope.com\/@ee\/115779502274465235","error":""},"_links":{"self":[{"href":"https:\/\/www.europesays.com\/ee\/wp-json\/wp\/v2\/posts\/71949","targetHints":{"allow":["GET"]}}],"collection":[{"href":"https:\/\/www.europesays.com\/ee\/wp-json\/wp\/v2\/posts"}],"about":[{"href":"https:\/\/www.europesays.com\/ee\/wp-json\/wp\/v2\/types\/post"}],"author":[{"embeddable":true,"href":"https:\/\/www.europesays.com\/ee\/wp-json\/wp\/v2\/users\/2"}],"replies":[{"embeddable":true,"href":"https:\/\/www.europesays.com\/ee\/wp-json\/wp\/v2\/comments?post=71949"}],"version-history":[{"count":0,"href":"https:\/\/www.europesays.com\/ee\/wp-json\/wp\/v2\/posts\/71949\/revisions"}],"wp:featuredmedia":[{"embeddable":true,"href":"https:\/\/www.europesays.com\/ee\/wp-json\/wp\/v2\/media\/71950"}],"wp:attachment":[{"href":"https:\/\/www.europesays.com\/ee\/wp-json\/wp\/v2\/media?parent=71949"}],"wp:term":[{"taxonomy":"category","embeddable":true,"href":"https:\/\/www.europesays.com\/ee\/wp-json\/wp\/v2\/categories?post=71949"},{"taxonomy":"post_tag","embeddable":true,"href":"https:\/\/www.europesays.com\/ee\/wp-json\/wp\/v2\/tags?post=71949"}],"curies":[{"name":"wp","href":"https:\/\/api.w.org\/{rel}","templated":true}]}}