{"id":72034,"date":"2025-12-25T11:21:08","date_gmt":"2025-12-25T11:21:08","guid":{"rendered":"https:\/\/www.europesays.com\/ee\/72034\/"},"modified":"2025-12-25T11:21:08","modified_gmt":"2025-12-25T11:21:08","slug":"ulevaade-uhked-kuused-ja-terve-pere-koos-vaata-kuidas-eesti-staarid-joule-tahistavad","status":"publish","type":"post","link":"https:\/\/www.europesays.com\/ee\/72034\/","title":{"rendered":"\u00dcLEVAADE | Uhked kuused ja terve pere koos! Vaata, kuidas Eesti staarid j\u00f5ule t\u00e4histavad"},"content":{"rendered":"<p>Teleprodutsent Tuuli Roosma t\u00e4histas j\u00f5ule koos kaksikute ja nende isa Arbo Tammiksaarega v\u00e4lismaal. \u201eSeekord <a rel=\"noopener nofollow\" target=\"_blank\" href=\"https:\/\/www.delfi.ee\/teema\/72325555\/joulud\" tag-id=\"72325555\">j\u00f5ulud<\/a> sedamoodi! Ilusad j\u00f5ulutervitused meie k\u00f5igi poolt!\u201c kirjutas ta Instagramis ja lisas postituse juurde mitu vahvat pilti.<\/p>\n<p>Ameerikas resideeruv galeriipidaja ja varem n\u00e4itlemisega tegelenud Liina Raud soovis ilusaid j\u00f5ule koos kaunite perepiltidega, kus poseerib koos poja Joosepi ja t\u00fctre Mirjamiga. \u201eMe loodame, et teie j\u00f5ulud on t\u00e4is armastust,\u201c kirjutas Liina postituse juurde. <\/p>\n<p>Laulja Liis Lemsalu tervitas oma j\u00e4lgijaid p\u00fchade puhul koos lapsega. \u201eH\u00e4id ja rahulikke p\u00fchi meile k\u00f5igile,\u201c lausus ta.<\/p>\n<p>Muusik Stefan Airapetjan t\u00e4histas j\u00f5ululaup\u00e4eval oma s\u00fcnnip\u00e4eva ja sai 28-aastaseks. \u201ePalju \u00f5nne mulle ja h\u00e4id j\u00f5ule sulle!\u201c kirjutas ta vahva video juurde, kus puhus tordik\u00fc\u00fcnlaid ja ampsas s\u00f5\u00f5rikut. <\/p>\n<p>Poliitik ja suunamudimismaailma sukeldunud J\u00fcri Ratas t\u00e4histas j\u00f5ule kauni fotoga. \u201eS\u00fcdamlikku, hoolivat ja ilusat j\u00f5uluaega, kallid s\u00f5brad!\u201c soovis ta sotsiaalmeedias.<\/p>\n<p>Raadioh\u00e4\u00e4l Rauno M\u00e4rks v\u00f5ttis p\u00fchad vastu perega. \u201eIlusaid p\u00fchi kallite inimeste seltsis!\u201c edastas ta r\u00f5\u00f5msad soovid. <\/p>\n<p>Muusik Kristel Aaslaid ja koomik Mattias Naan viskasid sotsiaalmeedias nalja stampk\u00fcsimuste kohta, mida j\u00f5uludel ikka perekondades uuritakse. Paari fookuses oli pisipere k\u00fcsimus ja pulmade kohta p\u00e4rimine. \u201eJ\u00f5ulud on \u00fcks imeline aeg. H\u00e4id p\u00fchi,\u201c soovisid j\u00f5ulukost\u00fc\u00fcmidesse riietatud Mattias ja Kristel.<\/p>\n<p>Laulja Birgit Sarrap avaldas j\u00f5ulude puhul nostalgilise foto endast ja abikaasa Indrekust. \u201eSiin on foto Sarrapite esimestest \u00fchistest j\u00f5uludest, siis kui h\u00e4rral veel juus l\u00e4ikis ja minul s\u00e4\u00e4r jooksis ning kinkide pakendamine toimus vaid l\u00f5bu p\u00e4rast,\u201c kirjutasid nad sotsiaalmeedias ja soovisid k\u00f5igile vahvaid j\u00f5ule. <\/p>\n<p>Tenniset\u00e4ht Anett Kontaveit t\u00e4histas j\u00f5ululaup\u00e4eval oma s\u00fcnnip\u00e4eva ja sai 30-aastaseks. Oma Instagrami story\u2019s jagas ta fotot, kus poseerib koos elukaaslase Brent Lepistu ja poja Leon Enzoga. Sotsiaalmeedias soovis elukaaslane talle vahva pildiga \u00f5nne ning kahe s\u00fcndmuse \u00fchele p\u00e4evale sattumine tekitas lapses veidike segadust. \u201eEnzo on segaduses, sest ta ka ei saa aru, et kuidas saab j\u00f5ulu\u00f5htu ja emme s\u00fcnnip\u00e4ev samal p\u00e4eval olla,\u201c seisis postituses. <\/p>\n<p><img decoding=\"async\" src=\"https:\/\/www.europesays.com\/ee\/wp-content\/uploads\/2025\/12\/5a0baa77-62f8-4f8b-a20c-a9e8c1ec543f.jpg\" loading=\"lazy\" alt=\"Anetil kulgesid s\u00fcnnip\u00e4ev ja j\u00f5ulud \u00fches \"\/><\/p>\n<p>Muusik Egert Milder jagas p\u00fchade puhul vahvat seika enda, abikaasa Piret J\u00e4rvis-Milderi ning nende laste Milli ja Maxi j\u00f5uludest. \u201eH\u00e4id j\u00f5ule, s\u00f5brad! Meil juhtus see aasta selline lugu, et mina ja Max magasime \u00f5ndsat l\u00f5unaund ja Milli Piretiga k\u00e4isid poes verivorste ostmas. Koju tagasi j\u00f5udes avastas Milli kuuse alt kingid ja me Maxiga ei kuulnud mitte muhvigi. J\u00f5ulud on ikka imede aeg!\u201c kirjutas ta Instagramis. <\/p>\n<p>Sotsiaalmeedias agaralt toimetav Anni Rahula n\u00e4itas sotsiaalmeedias, kuidas tema ja abikaasa Tomi Rahula j\u00f5ulup\u00fchi oma moodi t\u00e4histavad. \u201eSaatke kukele k\u00f5ik (plaanid), mis olemise raskeks teevad ja tehke enda moodi!\u201c kirjutas Anni ja soovis k\u00f5igile ilusaid j\u00f5ulup\u00fchi.<\/p>\n<p>Telen\u00e4gu Keili S\u00fckijainen v\u00f5ttis p\u00fchad vastu lapsega ja avaldas neist koos mitu pilti ja videot kuuske ehtimas. \u201eH\u00e4id j\u00f5ule ja m\u00f5nusat aega kallite seltsis!\u201c soovis ta.<\/p>\n<p>Kuidas see lugu Sind end tundma pani? Saada <a href=\"https:\/\/kroonika.delfi.ee\/artikkel\/120425718\/ulevaade-uhked-kuused-ja-terve-pere-koos-vaata-kuidas-eesti-staarid-joule-tahistavad\/kommentaarid\" class=\"article-body-bottom__comment article-body-bottom__comment--write button button--primary button--size-auto\" rel=\"nofollow noopener\" target=\"_blank\"> Kommenteeri <\/a><a href=\"https:\/\/kroonika.delfi.ee\/artikkel\/120425718\/ulevaade-uhked-kuused-ja-terve-pere-koos-vaata-kuidas-eesti-staarid-joule-tahistavad\/kommentaarid\" class=\"article-body-bottom__comment article-body-bottom__comment--read button button--size-auto\" rel=\"nofollow noopener\" target=\"_blank\"> Loe kommentaare (1)<\/a><\/p>\n","protected":false},"excerpt":{"rendered":"Teleprodutsent Tuuli Roosma t\u00e4histas j\u00f5ule koos kaksikute ja nende isa Arbo Tammiksaarega v\u00e4lismaal. \u201eSeekord j\u00f5ulud sedamoodi! Ilusad j\u00f5ulutervitused&hellip;\n","protected":false},"author":2,"featured_media":72035,"comment_status":"","ping_status":"","sticky":false,"template":"","format":"standard","meta":{"footnotes":"","_share_on_mastodon":"0"},"categories":[12],"tags":[26,27,37,33,35,34,36,31,32,21,12286,28,29,19,25,23,24,22,20,30],"class_list":["post-72034","post","type-post","status-publish","format-standard","has-post-thumbnail","category-eesti","tag-breaking-news","tag-breakingnews","tag-ee","tag-eesti","tag-eesti-keel","tag-estonia","tag-estonian","tag-featured-news","tag-featurednews","tag-headlines","tag-joulud","tag-latest-news","tag-latestnews","tag-news","tag-populaarseimad-lood","tag-top-stories","tag-topstories","tag-uldised-uudised","tag-uudised","tag-viimased-uudised"],"share_on_mastodon":{"url":"https:\/\/pubeurope.com\/@ee\/115779946744729554","error":""},"_links":{"self":[{"href":"https:\/\/www.europesays.com\/ee\/wp-json\/wp\/v2\/posts\/72034","targetHints":{"allow":["GET"]}}],"collection":[{"href":"https:\/\/www.europesays.com\/ee\/wp-json\/wp\/v2\/posts"}],"about":[{"href":"https:\/\/www.europesays.com\/ee\/wp-json\/wp\/v2\/types\/post"}],"author":[{"embeddable":true,"href":"https:\/\/www.europesays.com\/ee\/wp-json\/wp\/v2\/users\/2"}],"replies":[{"embeddable":true,"href":"https:\/\/www.europesays.com\/ee\/wp-json\/wp\/v2\/comments?post=72034"}],"version-history":[{"count":0,"href":"https:\/\/www.europesays.com\/ee\/wp-json\/wp\/v2\/posts\/72034\/revisions"}],"wp:featuredmedia":[{"embeddable":true,"href":"https:\/\/www.europesays.com\/ee\/wp-json\/wp\/v2\/media\/72035"}],"wp:attachment":[{"href":"https:\/\/www.europesays.com\/ee\/wp-json\/wp\/v2\/media?parent=72034"}],"wp:term":[{"taxonomy":"category","embeddable":true,"href":"https:\/\/www.europesays.com\/ee\/wp-json\/wp\/v2\/categories?post=72034"},{"taxonomy":"post_tag","embeddable":true,"href":"https:\/\/www.europesays.com\/ee\/wp-json\/wp\/v2\/tags?post=72034"}],"curies":[{"name":"wp","href":"https:\/\/api.w.org\/{rel}","templated":true}]}}