{"id":72083,"date":"2025-12-25T12:57:28","date_gmt":"2025-12-25T12:57:28","guid":{"rendered":"https:\/\/www.europesays.com\/ee\/72083\/"},"modified":"2025-12-25T12:57:28","modified_gmt":"2025-12-25T12:57:28","slug":"paul-aron-loppenud-hooajast-tegin-vormel-1-koha-nimel-rohkem-tood-kui-pohisoitjad","status":"publish","type":"post","link":"https:\/\/www.europesays.com\/ee\/72083\/","title":{"rendered":"Paul Aron l\u00f5ppenud hooajast: tegin vormel-1 koha nimel rohkem t\u00f6\u00f6d kui p\u00f5his\u00f5itjad"},"content":{"rendered":"<p>Eesti vormelis\u00f5itja Paul Aron tegi l\u00f5ppenud vormel-1 hooajal Alpine\u2019i meeskonna juures kaasa mahuka ettevalmistusprogrammi, mis p\u00e4\u00e4dis osalemisega viiel vabatreeningul. Kuigi loodetud kohta j\u00e4rgmise aasta p\u00f5his\u00f5itjate seas see seekord ei toonud, on Aron veendunud, et tema taha midagi ei j\u00e4\u00e4nud.<\/p>\n<p>\u201eLoomulikult oli mu eesm\u00e4rk sel aastal F1-pilet lunastada. See ei \u00f5nnestunud, aga vaadates tagasi oma panusele, siis ma ei oleks saanud rohkem teha,\u201c r\u00e4\u00e4kis Aron <a href=\"https:\/\/sport.err.ee\/1609893337\/aroni-raske-too-kannab-vilja-tegin-mitmeid-kordi-rohkem-kui-pidin\" rel=\"nofollow noopener\" target=\"_blank\">ERR<\/a>\u2013ile.<\/p>\n<p>\u201ePingutasin korduvalt rohkem, kui minult oodati, sest tahtsin olla kindel, et keegi ei saaks mulle midagi ette heita. Kui ma sinna ei j\u00f5ua, siis olgu see tingitud asjaoludest, mis pole minu kontrolli all.\u201c<\/p>\n<p>T\u00f6\u00f6 simulaatoris ja tihe graafik<\/p>\n<p>Novembri alguses kinnitas Alpine, et Pierre Gasly k\u00f5rval asub uuel hooajal v\u00f5istlema argentiinlane Franco Colapinto. Aron nentis, et selliste otsuste taga on erinevad selgitused, kuid tema keskendub reaalsusele. Tema s\u00f5nul oli meeskond tema panusega rahul, eriti mis puudutab aegan\u00f5udvat t\u00f6\u00f6d simulaatoris ja uue auto arendamist.<\/p>\n<p>\u201eMinu graafik oli sel aastal t\u00f5en\u00e4oliselt k\u00f5igist vormelimaailma s\u00f5itjatest k\u00f5ige tihedam. Olin igal etapil kohal, aga samal ajal kui p\u00f5his\u00f5itjad said v\u00f5istluste vahel puhata, olin mina simulaatoris. Tegin nendega v\u00f5rreldes sisuliselt topeltt\u00f6\u00f6d ja panustasin j\u00e4rgmise aasta auto arendusse v\u00e4ga palju,\u201c selgitas Aron.<\/p>\n<p>Eestlane lisas, et ei \u00f6elnud \u00fchelegi \u00fclesandele \u00e4ra, lootes, et suur panus toob l\u00f5puks ka oodatud tulemuse. Kuigi seekordne otsus talle p\u00f5his\u00f5itja kohta ei toonud, usub ta endiselt oma v\u00f5imalustesse ja lubab ka tulevikus maksimumi anda.<\/p>\n<p>Vabatreeningud \u00f5petasid enda eest seisma<\/p>\n<p>Lisaks Alpine\u2019ile sai Aron sel hooajal v\u00f5imaluse proovida ka Sauberi vormelit Silverstone\u2019is ja Ungaris. Alpine\u2019i esindas ta aga vabatreeningutel Itaalias, Mehhikos ja Abu Dhabis. S\u00f5itja s\u00f5nul olid need kogemused talle suureks \u00f5ppetunniks, kuidas nii tehnilises kui ka poliitilises sarjas ellu j\u00e4\u00e4da.<\/p>\n<p>\u201eAlguses olin v\u00e4ga meeskonnam\u00e4ngija ja keskendusin ainult tiimi antud plaani t\u00e4itmisele. Mida rohkem ma neid treeninguid tegin, seda enam sain aru, et selles sarjas tuleb osata ka enda eest seista,\u201c m\u00e4rkis Aron.<\/p>\n<p>Tema s\u00f5nul kehtib F1-s kolm p\u00f5hilist reeglit: t\u00e4ida tiimi antud \u00fclesanne, hoia auto terve ja n\u00e4ita k\u00f5igile oma talenti. \u201e\u00d5ppisin, et pean neid v\u00f5imalusi kasutama ka enda kasuks, et v\u00e4liselt oleks selgelt n\u00e4ha \u2013 ma v\u00e4\u00e4rin kohta vormel-1 sarjas. Seal ei seisa keegi teine sinu eest, sa pead ise leidma viisid, kuidas teistest eristuda.\u201c<\/p>\n<p>Mida Aron lisaks r\u00e4\u00e4kis, vaata allolevast videost:<\/p>\n<p>\u00a0<\/p>\n","protected":false},"excerpt":{"rendered":"Eesti vormelis\u00f5itja Paul Aron tegi l\u00f5ppenud vormel-1 hooajal Alpine\u2019i meeskonna juures kaasa mahuka ettevalmistusprogrammi, mis p\u00e4\u00e4dis osalemisega viiel&hellip;\n","protected":false},"author":2,"featured_media":72084,"comment_status":"","ping_status":"","sticky":false,"template":"","format":"standard","meta":{"footnotes":"","_share_on_mastodon":"0"},"categories":[18],"tags":[1164,37,33,35,34,36,8136,1163,159,158],"class_list":["post-72083","post","type-post","status-publish","format-standard","has-post-thumbnail","category-sport","tag-alpine","tag-ee","tag-eesti","tag-eesti-keel","tag-estonia","tag-estonian","tag-f1","tag-paul-aron","tag-sport","tag-sports"],"share_on_mastodon":{"url":"https:\/\/pubeurope.com\/@ee\/115780324154351002","error":""},"_links":{"self":[{"href":"https:\/\/www.europesays.com\/ee\/wp-json\/wp\/v2\/posts\/72083","targetHints":{"allow":["GET"]}}],"collection":[{"href":"https:\/\/www.europesays.com\/ee\/wp-json\/wp\/v2\/posts"}],"about":[{"href":"https:\/\/www.europesays.com\/ee\/wp-json\/wp\/v2\/types\/post"}],"author":[{"embeddable":true,"href":"https:\/\/www.europesays.com\/ee\/wp-json\/wp\/v2\/users\/2"}],"replies":[{"embeddable":true,"href":"https:\/\/www.europesays.com\/ee\/wp-json\/wp\/v2\/comments?post=72083"}],"version-history":[{"count":0,"href":"https:\/\/www.europesays.com\/ee\/wp-json\/wp\/v2\/posts\/72083\/revisions"}],"wp:featuredmedia":[{"embeddable":true,"href":"https:\/\/www.europesays.com\/ee\/wp-json\/wp\/v2\/media\/72084"}],"wp:attachment":[{"href":"https:\/\/www.europesays.com\/ee\/wp-json\/wp\/v2\/media?parent=72083"}],"wp:term":[{"taxonomy":"category","embeddable":true,"href":"https:\/\/www.europesays.com\/ee\/wp-json\/wp\/v2\/categories?post=72083"},{"taxonomy":"post_tag","embeddable":true,"href":"https:\/\/www.europesays.com\/ee\/wp-json\/wp\/v2\/tags?post=72083"}],"curies":[{"name":"wp","href":"https:\/\/api.w.org\/{rel}","templated":true}]}}