{"id":72151,"date":"2025-12-25T14:59:18","date_gmt":"2025-12-25T14:59:18","guid":{"rendered":"https:\/\/www.europesays.com\/ee\/72151\/"},"modified":"2025-12-25T14:59:18","modified_gmt":"2025-12-25T14:59:18","slug":"video-ott-tanak-ja-teised-rallisoitjad-avaldasid-mida-nad-jouludeks-koige-rohkem-tahaksid","status":"publish","type":"post","link":"https:\/\/www.europesays.com\/ee\/72151\/","title":{"rendered":"VIDEO: Ott T\u00e4nak ja teised rallis\u00f5itjad avaldasid, mida nad j\u00f5uludeks k\u00f5ige rohkem tahaksid"},"content":{"rendered":"<p>Autoralli MM-hooaja viimasel etapil p\u00fc\u00fcdis sarja ametlik meediakanal s\u00f5itjad kinni, et uurida neilt \u00fche lihtsa, kuid p\u00fchade eel olulise k\u00fcsimuse: mis oleks nende t\u00e4navune parim j\u00f5ulukink? Vastused olid oodatult eripalgelised, ulatudes suurtest sportlikest unistustest kuni lihtsa kodusooja nautimiseni.<\/p>\n<p>Kui mitmed s\u00f5itjad lasid fantaasial lennata, siis M-Spordi ridades s\u00f5itev Gr\u00e9goire Munster tunnistas, et tema sooviks on t\u00f6\u00f6 n-\u00f6 koju kaasa v\u00f5tta \u2013 nimelt kuluks talle marjaks \u00e4ra isiklik Fordi rallisimulaator. Noor iirlane Josh McErlean vaatas aga juba kaugemasse tulevikku, m\u00e4rkides, et tema ideaalne kingitus oleks ei v\u00e4hem ega rohkem kui 2026. aasta maailmameistritiitel.<\/p>\n<p>Kahekordne maailmameister Kalle Rovanper\u00e4, kes on tuntud oma kiirusearmastuse poolest ka v\u00e4ljaspool ralliradasid, ei hoidnud end tagasi. Soomlane avaldas, et tema kuuse all v\u00f5iks koha sisse v\u00f5tta \u00fcks eriti v\u00f5imas helikopter.<\/p>\n<p>Selle k\u00f5ige keskel j\u00e4i Ott T\u00e4nak oma soovides talle omaselt kahe jalaga maa peale. Ei mingeid masinaid ega karikaid \u2013 eestlase suurimaks sooviks p\u00fchade ajal on lihtsalt aeg maha v\u00f5tta ja nautida rahu kamina ees.<\/p>\n<p>Vaata meeleolukat videot ja kuula s\u00f5itjate soove l\u00e4hemalt siit:<\/p>\n<blockquote class=\"twitter-tweet\" data-media-max-width=\"560\">\n<p dir=\"ltr\" lang=\"en\">We asked our rally1 drivers what their ideal Christmas present is \ud83c\udf81<a href=\"https:\/\/twitter.com\/hashtag\/WRC?src=hash&amp;ref_src=twsrc%5Etfw\" rel=\"nofollow noopener\" target=\"_blank\">#WRC<\/a> <a href=\"https:\/\/t.co\/h8A2YArVJC\" rel=\"nofollow\">pic.twitter.com\/h8A2YArVJC<\/a><\/p>\n<p>\u2014 FIA World Rally Championship (@OfficialWRC) <a href=\"https:\/\/twitter.com\/OfficialWRC\/status\/2003480729410502992?ref_src=twsrc%5Etfw\" rel=\"nofollow noopener\" target=\"_blank\">December 23, 2025<\/a><\/p>\n<\/blockquote>\n<p><script async src=\"https:\/\/platform.twitter.com\/widgets.js\" charset=\"utf-8\"><\/script><\/p>\n","protected":false},"excerpt":{"rendered":"Autoralli MM-hooaja viimasel etapil p\u00fc\u00fcdis sarja ametlik meediakanal s\u00f5itjad kinni, et uurida neilt \u00fche lihtsa, kuid p\u00fchade eel&hellip;\n","protected":false},"author":2,"featured_media":72152,"comment_status":"","ping_status":"","sticky":false,"template":"","format":"standard","meta":{"footnotes":"","_share_on_mastodon":"0"},"categories":[18],"tags":[37,33,35,34,36,12286,1523,159,158,1192],"class_list":["post-72151","post","type-post","status-publish","format-standard","has-post-thumbnail","category-sport","tag-ee","tag-eesti","tag-eesti-keel","tag-estonia","tag-estonian","tag-joulud","tag-ott-tanak","tag-sport","tag-sports","tag-wrc"],"share_on_mastodon":{"url":"https:\/\/pubeurope.com\/@ee\/115780803883356238","error":""},"_links":{"self":[{"href":"https:\/\/www.europesays.com\/ee\/wp-json\/wp\/v2\/posts\/72151","targetHints":{"allow":["GET"]}}],"collection":[{"href":"https:\/\/www.europesays.com\/ee\/wp-json\/wp\/v2\/posts"}],"about":[{"href":"https:\/\/www.europesays.com\/ee\/wp-json\/wp\/v2\/types\/post"}],"author":[{"embeddable":true,"href":"https:\/\/www.europesays.com\/ee\/wp-json\/wp\/v2\/users\/2"}],"replies":[{"embeddable":true,"href":"https:\/\/www.europesays.com\/ee\/wp-json\/wp\/v2\/comments?post=72151"}],"version-history":[{"count":0,"href":"https:\/\/www.europesays.com\/ee\/wp-json\/wp\/v2\/posts\/72151\/revisions"}],"wp:featuredmedia":[{"embeddable":true,"href":"https:\/\/www.europesays.com\/ee\/wp-json\/wp\/v2\/media\/72152"}],"wp:attachment":[{"href":"https:\/\/www.europesays.com\/ee\/wp-json\/wp\/v2\/media?parent=72151"}],"wp:term":[{"taxonomy":"category","embeddable":true,"href":"https:\/\/www.europesays.com\/ee\/wp-json\/wp\/v2\/categories?post=72151"},{"taxonomy":"post_tag","embeddable":true,"href":"https:\/\/www.europesays.com\/ee\/wp-json\/wp\/v2\/tags?post=72151"}],"curies":[{"name":"wp","href":"https:\/\/api.w.org\/{rel}","templated":true}]}}