{"id":72441,"date":"2025-12-26T09:57:07","date_gmt":"2025-12-26T09:57:07","guid":{"rendered":"https:\/\/www.europesays.com\/ee\/72441\/"},"modified":"2025-12-26T09:57:07","modified_gmt":"2025-12-26T09:57:07","slug":"maailma-suurim-tuumaelektrijaam-voib-peagi-taas-elektrit-tootma-hakata","status":"publish","type":"post","link":"https:\/\/www.europesays.com\/ee\/72441\/","title":{"rendered":"Maailma suurim tuumaelektrijaam v\u00f5ib peagi taas elektrit tootma hakata"},"content":{"rendered":"<p>Viisteist aastat p\u00e4rast Fukushima tuumakatastroofi on Jaapan tegemas olulist p\u00f6\u00f6ret oma energiapoliitikas. Niigata prefektuuri volikogu andis heakskiidu maailma suurima tuumaelektrijaama Kashiwazaki-Kariwa taask\u00e4ivitamisele.<\/p>\n<p>Uudisteagentuur Reuters teatas, et volikogu heakskiit t\u00e4hendab, et jaam v\u00f5ib peagi taas elektrit tootma hakata.<\/p>\n","protected":false},"excerpt":{"rendered":"Viisteist aastat p\u00e4rast Fukushima tuumakatastroofi on Jaapan tegemas olulist p\u00f6\u00f6ret oma energiapoliitikas. Niigata prefektuuri volikogu andis heakskiidu maailma&hellip;\n","protected":false},"author":2,"featured_media":72442,"comment_status":"","ping_status":"","sticky":false,"template":"","format":"standard","meta":{"footnotes":"","_share_on_mastodon":"0"},"categories":[80],"tags":[26,27,37,33,35,34,36,31,32,22772,22280,21,36663,13432,28,29,95,1056,19,36666,25,3611,113,36662,1532,36664,23,24,36665,33363,262,22,20,30,92,93,94,36667],"class_list":["post-72441","post","type-post","status-publish","format-standard","has-post-thumbnail","category-maailm","tag-breaking-news","tag-breakingnews","tag-ee","tag-eesti","tag-eesti-keel","tag-estonia","tag-estonian","tag-featured-news","tag-featurednews","tag-fossiilkutus","tag-fukushima","tag-headlines","tag-kashiwazaki-kariwa","tag-kliimaeesmark","tag-latest-news","tag-latestnews","tag-maailm","tag-maavarin","tag-news","tag-olkiluoto","tag-populaarseimad-lood","tag-reuters","tag-soome","tag-tepco","tag-tokio","tag-tokyo-electric-power-company","tag-top-stories","tag-topstories","tag-tsunami","tag-tuumaelektrijaam","tag-ukraina","tag-uldised-uudised","tag-uudised","tag-viimased-uudised","tag-world","tag-world-news","tag-worldnews","tag-zaporizzjas"],"share_on_mastodon":{"url":"","error":"Validation failed: Text character limit of 500 exceeded"},"_links":{"self":[{"href":"https:\/\/www.europesays.com\/ee\/wp-json\/wp\/v2\/posts\/72441","targetHints":{"allow":["GET"]}}],"collection":[{"href":"https:\/\/www.europesays.com\/ee\/wp-json\/wp\/v2\/posts"}],"about":[{"href":"https:\/\/www.europesays.com\/ee\/wp-json\/wp\/v2\/types\/post"}],"author":[{"embeddable":true,"href":"https:\/\/www.europesays.com\/ee\/wp-json\/wp\/v2\/users\/2"}],"replies":[{"embeddable":true,"href":"https:\/\/www.europesays.com\/ee\/wp-json\/wp\/v2\/comments?post=72441"}],"version-history":[{"count":0,"href":"https:\/\/www.europesays.com\/ee\/wp-json\/wp\/v2\/posts\/72441\/revisions"}],"wp:featuredmedia":[{"embeddable":true,"href":"https:\/\/www.europesays.com\/ee\/wp-json\/wp\/v2\/media\/72442"}],"wp:attachment":[{"href":"https:\/\/www.europesays.com\/ee\/wp-json\/wp\/v2\/media?parent=72441"}],"wp:term":[{"taxonomy":"category","embeddable":true,"href":"https:\/\/www.europesays.com\/ee\/wp-json\/wp\/v2\/categories?post=72441"},{"taxonomy":"post_tag","embeddable":true,"href":"https:\/\/www.europesays.com\/ee\/wp-json\/wp\/v2\/tags?post=72441"}],"curies":[{"name":"wp","href":"https:\/\/api.w.org\/{rel}","templated":true}]}}