{"id":72455,"date":"2025-12-26T10:19:10","date_gmt":"2025-12-26T10:19:10","guid":{"rendered":"https:\/\/www.europesays.com\/ee\/72455\/"},"modified":"2025-12-26T10:19:10","modified_gmt":"2025-12-26T10:19:10","slug":"kommersant-putin-nouab-endiselt-kogu-donbassi-ja-arutab-zaporizzja-tuumajaama-haldamist-koos-ameeriklastega","status":"publish","type":"post","link":"https:\/\/www.europesays.com\/ee\/72455\/","title":{"rendered":"Kommersant: Putin n\u00f5uab endiselt kogu Donbassi ja arutab Zapori\u017e\u017eja tuumajaama haldamist koos ameeriklastega"},"content":{"rendered":"<p>Kommersant kirjutab, et Putin juhatas eile Venemaa riigikun\u00f5ukogu traditsioonilist aastal\u00f5puistungit, mis pidi seekord olema p\u00fchendatud kaadrite ettevalmistamise probleemidele. Kommersandi allikate s\u00f5nul ei keskendunud ei Putin ega ka teised julgeolekun\u00f5ukogu liikmed siiski sellele teemale.<\/p>\n<p>Kommersanti andmetel r\u00e4\u00e4kis Putin k\u00f5ige rohkem l\u00e4bir\u00e4\u00e4kimisprotsessist USA ja <a rel=\"noopener nofollow\" target=\"_blank\" href=\"https:\/\/www.delfi.ee\/teema\/25048531\/ukraina\" tag-id=\"25048531\">Ukrainaga<\/a>.<\/p>\n<p>\u201eTa [Putin] r\u00e4\u00e4kis <a rel=\"noopener nofollow\" target=\"_blank\" href=\"https:\/\/www.delfi.ee\/teema\/96872134\/anchorage\" tag-id=\"96872134\">Anchorage<\/a>\u2019i kokkulepetest, <a rel=\"noopener nofollow\" target=\"_blank\" href=\"https:\/\/www.delfi.ee\/teema\/24645751\/ameerika\" tag-id=\"24645751\">Ameerika<\/a> poole plaanist ja sellest, millised seisukohad tollal, v\u00f5ib-\u00f6elda k\u00e4igu pealt kokku lepiti. Ja et ameeriklased on m\u00f5ningatest iseenda ettepanekutest l\u00e4bir\u00e4\u00e4kimiste tulemusel eurooplastega taganenud. Ja et see on n\u00f5rkus,\u201c \u00fctles allikas Kommersantile.<\/p>\n<p>Kommersant m\u00e4rgib, et Putin kinnitas, et Vene pool on endiselt valmis nendeks j\u00e4releandmisteks, mida ta Anchorage\u2019is lubas.<\/p>\n<p>\u201eSee t\u00e4hendab, et jutt on sellest, et \u201eDonbass on meie\u201c. \u00d6eldi, et \u201e<a rel=\"noopener nofollow\" target=\"_blank\" href=\"https:\/\/www.delfi.ee\/teema\/68665845\/kramatorsk-0\" tag-id=\"68665845\">Kramatorski<\/a>-Kostjant\u00f5nivka-<a rel=\"noopener nofollow\" target=\"_blank\" href=\"https:\/\/www.delfi.ee\/teema\/68561695\/slovjansk\" tag-id=\"68561695\">Slovjanski<\/a> s\u00f5lme kuuluvuse k\u00fcsimust ei arutata\u201c. Aga et \u00fclej\u00e4\u00e4nu osas ei ole v\u00e4listatud ka Venemaa poolt osaline territooriumide vahetus,\u201c kirjutab Kommersant.<\/p>\n<p>Lisaks sellele ei varjanud Putin Kommersanti teatel, et arutatakse Zapori\u017e\u017eja tuumaelektrijaama \u00fchist haldamist ameeriklastega (aga mitte ukrainlastega).<\/p>\n<p>\u201eAmeerika kolleegid v\u00e4ljendasid n\u00e4iteks huvitatust tegelda Zapori\u017e\u017eja tuumaelektrijaamas mining\u2019uga. Ameerika poole algatusel arutatakse ka elektrienergia tarnimist Ukrainasse. Samuti r\u00e4\u00e4kis Putin, et temalt k\u00fcsiti, kas Ukraina spetsialistid v\u00f5ivad tuumaelektrijaamas t\u00f6\u00f6tada, ja ta vastas, et nad t\u00f6\u00f6tavad seal praegugi nagu varem, ainult passid on neil n\u00fc\u00fcd Vene omad,\u201c kirjutab Kommersant.<\/p>\n<p>Kuidas see lugu Sind end tundma pani? Saada <\/p>\n","protected":false},"excerpt":{"rendered":"Kommersant kirjutab, et Putin juhatas eile Venemaa riigikun\u00f5ukogu traditsioonilist aastal\u00f5puistungit, mis pidi seekord olema p\u00fchendatud kaadrite ettevalmistamise probleemidele.&hellip;\n","protected":false},"author":2,"featured_media":72456,"comment_status":"","ping_status":"","sticky":false,"template":"","format":"standard","meta":{"footnotes":"","_share_on_mastodon":"0"},"categories":[80],"tags":[461,1179,26,27,5006,37,33,35,34,36,31,32,21,8851,28,29,95,19,25,9158,107,23,24,262,22,325,20,96,30,661,92,93,94,1839],"class_list":["post-72455","post","type-post","status-publish","format-standard","has-post-thumbnail","category-maailm","tag-ameerika","tag-anchorage","tag-breaking-news","tag-breakingnews","tag-donbass","tag-ee","tag-eesti","tag-eesti-keel","tag-estonia","tag-estonian","tag-featured-news","tag-featurednews","tag-headlines","tag-kramatorsk","tag-latest-news","tag-latestnews","tag-maailm","tag-news","tag-populaarseimad-lood","tag-slovjansk","tag-soda-ukrainas","tag-top-stories","tag-topstories","tag-ukraina","tag-uldised-uudised","tag-usa","tag-uudised","tag-venemaa","tag-viimased-uudised","tag-vladimir-putin","tag-world","tag-world-news","tag-worldnews","tag-zaporizzja"],"share_on_mastodon":{"url":"","error":"Validation failed: Text character limit of 500 exceeded"},"_links":{"self":[{"href":"https:\/\/www.europesays.com\/ee\/wp-json\/wp\/v2\/posts\/72455","targetHints":{"allow":["GET"]}}],"collection":[{"href":"https:\/\/www.europesays.com\/ee\/wp-json\/wp\/v2\/posts"}],"about":[{"href":"https:\/\/www.europesays.com\/ee\/wp-json\/wp\/v2\/types\/post"}],"author":[{"embeddable":true,"href":"https:\/\/www.europesays.com\/ee\/wp-json\/wp\/v2\/users\/2"}],"replies":[{"embeddable":true,"href":"https:\/\/www.europesays.com\/ee\/wp-json\/wp\/v2\/comments?post=72455"}],"version-history":[{"count":0,"href":"https:\/\/www.europesays.com\/ee\/wp-json\/wp\/v2\/posts\/72455\/revisions"}],"wp:featuredmedia":[{"embeddable":true,"href":"https:\/\/www.europesays.com\/ee\/wp-json\/wp\/v2\/media\/72456"}],"wp:attachment":[{"href":"https:\/\/www.europesays.com\/ee\/wp-json\/wp\/v2\/media?parent=72455"}],"wp:term":[{"taxonomy":"category","embeddable":true,"href":"https:\/\/www.europesays.com\/ee\/wp-json\/wp\/v2\/categories?post=72455"},{"taxonomy":"post_tag","embeddable":true,"href":"https:\/\/www.europesays.com\/ee\/wp-json\/wp\/v2\/tags?post=72455"}],"curies":[{"name":"wp","href":"https:\/\/api.w.org\/{rel}","templated":true}]}}