{"id":72493,"date":"2025-12-26T11:19:17","date_gmt":"2025-12-26T11:19:17","guid":{"rendered":"https:\/\/www.europesays.com\/ee\/72493\/"},"modified":"2025-12-26T11:19:17","modified_gmt":"2025-12-26T11:19:17","slug":"paide-taustaga-suururitus-toimub-tana-naabermaakonnas","status":"publish","type":"post","link":"https:\/\/www.europesays.com\/ee\/72493\/","title":{"rendered":"Paide taustaga suur\u00fcritus toimub t\u00e4na naabermaakonnas"},"content":{"rendered":"<p>T\u00e4na t\u00e4histab 20. s\u00fcnnip\u00e4eva populaarne meelelahutus\u00fcritus, mis toimus esimest korda k\u00fcll Rakveres, ent mida on eest vedanud J\u00e4rvamaa \u00fcks tuntumaid ettev\u00f5tteid, AS Kuma. Spordikuulsuste j\u00f5uluturniir on k\u00e4inud k\u00fclakorda erinevates Eesti paikades ning t\u00e4na toimub see J\u00f5gevamaal.<\/p>\n<p>Eesti sporditipud kohtuvad t\u00e4nasel teisel j\u00f5ulup\u00fchal Kuremaa elamuskeskuses, et m\u00f5\u00f5tu v\u00f5tta erinevatel aladel.<\/p>\n","protected":false},"excerpt":{"rendered":"T\u00e4na t\u00e4histab 20. s\u00fcnnip\u00e4eva populaarne meelelahutus\u00fcritus, mis toimus esimest korda k\u00fcll Rakveres, ent mida on eest vedanud J\u00e4rvamaa&hellip;\n","protected":false},"author":2,"featured_media":72494,"comment_status":"","ping_status":"","sticky":false,"template":"","format":"standard","meta":{"footnotes":""},"categories":[12],"tags":[12872,26,27,37,33,35,34,36,31,32,7485,2798,21,36681,10717,11897,1845,6345,9289,36680,28,29,16428,19,6343,33918,370,25,2916,16429,16081,2199,17998,10893,23,24,22,20,30],"class_list":{"0":"post-72493","1":"post","2":"type-post","3":"status-publish","4":"format-standard","5":"has-post-thumbnail","7":"category-eesti","8":"tag-allar-raja","9":"tag-breaking-news","10":"tag-breakingnews","11":"tag-ee","12":"tag-eesti","13":"tag-eesti-keel","14":"tag-estonia","15":"tag-estonian","16":"tag-featured-news","17":"tag-featurednews","18":"tag-gerd-kanter","19":"tag-harri-kullas","20":"tag-headlines","21":"tag-honda-spordikuulsuste-jouluturniir","22":"tag-hugo-toom","23":"tag-jasmiin-upraus","24":"tag-johann-poolak","25":"tag-katrina-lehis","26":"tag-kristin-kuuba","27":"tag-kuremaa","28":"tag-latest-news","29":"tag-latestnews","30":"tag-lisell-jaatma","31":"tag-news","32":"tag-nikolai-novosjolov","33":"tag-ott-kiivikas","34":"tag-pippi-lotta-enok","35":"tag-populaarseimad-lood","36":"tag-risto-lillemets","37":"tag-robin-jaatma","38":"tag-saskia-alusalu","39":"tag-susannah-kaul","40":"tag-tanel-visnap","41":"tag-tonu-endrekson","42":"tag-top-stories","43":"tag-topstories","44":"tag-uldised-uudised","45":"tag-uudised","46":"tag-viimased-uudised"},"share_on_mastodon":{"url":"","error":"Validation failed: Text character limit of 500 exceeded"},"_links":{"self":[{"href":"https:\/\/www.europesays.com\/ee\/wp-json\/wp\/v2\/posts\/72493","targetHints":{"allow":["GET"]}}],"collection":[{"href":"https:\/\/www.europesays.com\/ee\/wp-json\/wp\/v2\/posts"}],"about":[{"href":"https:\/\/www.europesays.com\/ee\/wp-json\/wp\/v2\/types\/post"}],"author":[{"embeddable":true,"href":"https:\/\/www.europesays.com\/ee\/wp-json\/wp\/v2\/users\/2"}],"replies":[{"embeddable":true,"href":"https:\/\/www.europesays.com\/ee\/wp-json\/wp\/v2\/comments?post=72493"}],"version-history":[{"count":0,"href":"https:\/\/www.europesays.com\/ee\/wp-json\/wp\/v2\/posts\/72493\/revisions"}],"wp:featuredmedia":[{"embeddable":true,"href":"https:\/\/www.europesays.com\/ee\/wp-json\/wp\/v2\/media\/72494"}],"wp:attachment":[{"href":"https:\/\/www.europesays.com\/ee\/wp-json\/wp\/v2\/media?parent=72493"}],"wp:term":[{"taxonomy":"category","embeddable":true,"href":"https:\/\/www.europesays.com\/ee\/wp-json\/wp\/v2\/categories?post=72493"},{"taxonomy":"post_tag","embeddable":true,"href":"https:\/\/www.europesays.com\/ee\/wp-json\/wp\/v2\/tags?post=72493"}],"curies":[{"name":"wp","href":"https:\/\/api.w.org\/{rel}","templated":true}]}}