{"id":72608,"date":"2025-12-26T14:34:32","date_gmt":"2025-12-26T14:34:32","guid":{"rendered":"https:\/\/www.europesays.com\/ee\/72608\/"},"modified":"2025-12-26T14:34:32","modified_gmt":"2025-12-26T14:34:32","slug":"rainer-saks-%e2%9f%a9-indiast-toodav-voortoojoud-paneb-venemaal-tiksuma-rahuloelmatuse-pommi-arvamus","status":"publish","type":"post","link":"https:\/\/www.europesays.com\/ee\/72608\/","title":{"rendered":"RAINER SAKS \u27e9 Indiast toodav v\u00f5\u00f5rt\u00f6\u00f6j\u00f5ud paneb Venemaal tiksuma rahuloelmatuse pommi &#8211; Arvamus"},"content":{"rendered":"<ol>\n<li><a href=\"https:\/\/news.google.com\/rss\/articles\/CBMiuwFBVV95cUxNV2xaandtTDlXd1VtOVJ0a2VteUMyM0Z5NlZJT2pTanIzWjB0cFdKOXlIN3hGN1hEWEQ4VGxPQzVXd0ZnUVBkS3F2SnJ4OXJNTVM1amx3bXB4blRjOVlfMUFlYjg5NV8yczdnVnRodmNldUY5SGk4TjJFY040V09OcXZ4THJXOFk5Z3p6WXQtWTdLSm9Ga2ctbGRUTS1adnRuMjVxRFBGU2U4TnU4bXk2ZGE3UmFHeElfZ1ln?oc=5\" target=\"_blank\" rel=\"nofollow noopener\">RAINER SAKS \u27e9 Indiast toodav v\u00f5\u00f5rt\u00f6\u00f6j\u00f5ud paneb Venemaal tiksuma rahuloelmatuse pommi<\/a>&nbsp;&nbsp;Arvamus<\/li>\n<li><a href=\"https:\/\/news.google.com\/rss\/articles\/CBMiuwFBVV95cUxOdnBjbk9xVnhYUF9ScmFsZ2tSa0FHTlFNdWhZWHRMNkdIWUQ4QXlDTUg3Vm9jQ1dWRlphUzF6UFVkU1FvUTF5ZVgzQS1HTm5tYThMTkZLWXk4XzdXWG9XZXFoQTRpZE0xaDE4UDhncmpQTnQzRDVxZ1dJTDBKbFA4QjVTc3hsU0hFeF95WXdodS1nSEMxZ29ZVEdLeGdOMXY1RHJJUTFPRXZTR3prLWFtakc1cHJyeVBBeGNN?oc=5\" target=\"_blank\" rel=\"nofollow noopener\">RAINER SAKS \u27e9 Indiast toodav v\u00f5\u00f5rt\u00f6\u00f6j\u00f5ud paneb Venemaal tiksuma rahulolematuse pommi<\/a>&nbsp;&nbsp;Arvamus<\/li>\n<li><a href=\"https:\/\/news.google.com\/rss\/articles\/CBMiekFVX3lxTFBWMzBKQlhNNHFnS1dOT2xjaEplajlwcVpwTUpJWkxQUV9wYVR2V1FRdmFaYlNyanlOVjhiTTNpc25Ub3A4RkJlSENhUFQ5V3ZvUEE0OG5sZ1RuWnFnR1pjelZaTmlBM3pyRWI3anRCU2R6YVo5OF9wcGZn?oc=5\" target=\"_blank\" rel=\"nofollow noopener\">Peterburis alustasid t\u00f6\u00f6d India kojamehed<\/a>&nbsp;&nbsp;eestinen<\/li>\n<li><a href=\"https:\/\/news.google.com\/rss\/articles\/CBMipwFBVV95cUxNUmE4bWl3QkdvV1d6cEpPRDZzQ3NGVnRId3hwUTFtaGJvMmdDWVV3bks1T2hVZHlJekdMbk1lME1ZREd0U1ZhakFJV3RsbjNZa2hoR2Mzem1xTXlKQnJtcUxvRjN0dXlpQW9XeW9FQ2tUOFBSbmt4MHM5STh6LWdJcHY2a2lNNkRfdnFKeG1jOGVnWWRrcXo0LUNESE1tVHhsQUhmUUdvWQ?oc=5\" target=\"_blank\" rel=\"nofollow noopener\">DELFI VOOG | Video: auto\u00f5nnetusse sattunud \u201eCall of Duty\u201c looja Vince Zampella hukkus silmapilkselt<\/a>&nbsp;&nbsp;Delfi<\/li>\n<li><a href=\"https:\/\/news.google.com\/rss\/articles\/CBMijwFBVV95cUxPa0NnckZZdVg0bzEySHJKNkF0eWdYT0NNODFnUnJiUWx4WUZkeGtWNkY3NUhkSVBwZ2w5d1E3QVpCVi1BRkF4MW1ZTEhNQThDbUs4dHJ5bmZtU3lUcGtOb2xHb3Y3QkYzYzJqcUVHSmdfN1pWM0lXVTRsQ193Rm9naDBFQndJSVR6QXZ6OGx1RQ?oc=5\" target=\"_blank\" rel=\"nofollow noopener\">VIDEO: Venemaale saabusid esimesed 10 000 migranti Indiast<\/a>&nbsp;&nbsp;eestinen<\/li>\n<\/ol>\n","protected":false},"excerpt":{"rendered":"RAINER SAKS \u27e9 Indiast toodav v\u00f5\u00f5rt\u00f6\u00f6j\u00f5ud paneb Venemaal tiksuma rahuloelmatuse pommi&nbsp;&nbsp;Arvamus RAINER SAKS \u27e9 Indiast toodav v\u00f5\u00f5rt\u00f6\u00f6j\u00f5ud paneb&hellip;\n","protected":false},"author":2,"featured_media":72568,"comment_status":"","ping_status":"","sticky":false,"template":"","format":"standard","meta":{"footnotes":"","_share_on_mastodon":"0"},"categories":[5],"tags":[26,27,36753,5006,37,33,35,34,36,31,32,21,28,29,36751,36750,19,25,3738,23253,36752,1049,23,24,262,22,20,1012,96,30,3623],"class_list":["post-72608","post","type-post","status-publish","format-standard","has-post-thumbnail","category-uldised-uudised","tag-breaking-news","tag-breakingnews","tag-bush","tag-donbass","tag-ee","tag-eesti","tag-eesti-keel","tag-estonia","tag-estonian","tag-featured-news","tag-featurednews","tag-headlines","tag-latest-news","tag-latestnews","tag-louna-uraalid","tag-naftarafineerimine","tag-news","tag-populaarseimad-lood","tag-putin","tag-rahuprotsess","tag-runnakud","tag-soda","tag-top-stories","tag-topstories","tag-ukraina","tag-uldised-uudised","tag-uudised","tag-valitsus","tag-venemaa","tag-viimased-uudised","tag-zelenskoi"],"share_on_mastodon":{"url":"https:\/\/pubeurope.com\/@ee\/115786367821181758","error":""},"_links":{"self":[{"href":"https:\/\/www.europesays.com\/ee\/wp-json\/wp\/v2\/posts\/72608","targetHints":{"allow":["GET"]}}],"collection":[{"href":"https:\/\/www.europesays.com\/ee\/wp-json\/wp\/v2\/posts"}],"about":[{"href":"https:\/\/www.europesays.com\/ee\/wp-json\/wp\/v2\/types\/post"}],"author":[{"embeddable":true,"href":"https:\/\/www.europesays.com\/ee\/wp-json\/wp\/v2\/users\/2"}],"replies":[{"embeddable":true,"href":"https:\/\/www.europesays.com\/ee\/wp-json\/wp\/v2\/comments?post=72608"}],"version-history":[{"count":0,"href":"https:\/\/www.europesays.com\/ee\/wp-json\/wp\/v2\/posts\/72608\/revisions"}],"wp:featuredmedia":[{"embeddable":true,"href":"https:\/\/www.europesays.com\/ee\/wp-json\/wp\/v2\/media\/72568"}],"wp:attachment":[{"href":"https:\/\/www.europesays.com\/ee\/wp-json\/wp\/v2\/media?parent=72608"}],"wp:term":[{"taxonomy":"category","embeddable":true,"href":"https:\/\/www.europesays.com\/ee\/wp-json\/wp\/v2\/categories?post=72608"},{"taxonomy":"post_tag","embeddable":true,"href":"https:\/\/www.europesays.com\/ee\/wp-json\/wp\/v2\/tags?post=72608"}],"curies":[{"name":"wp","href":"https:\/\/api.w.org\/{rel}","templated":true}]}}