{"id":72699,"date":"2025-12-26T17:54:07","date_gmt":"2025-12-26T17:54:07","guid":{"rendered":"https:\/\/www.europesays.com\/ee\/72699\/"},"modified":"2025-12-26T17:54:07","modified_gmt":"2025-12-26T17:54:07","slug":"koduta-ja-vahekindlustatud-inimestele-pakiti-oleviste-kirikus-kontserdi-eel-kingipakke","status":"publish","type":"post","link":"https:\/\/www.europesays.com\/ee\/72699\/","title":{"rendered":"Koduta ja v\u00e4hekindlustatud inimestele pakiti Oleviste kirikus kontserdi eel kingipakke"},"content":{"rendered":"<p>Oleviste Hoolekanne korraldab homme koos Oleviste koguduse liikmetega 25. korda koduta ja v\u00e4hekindlustatud inimestele m\u00f5eldud kontsert-jumalateenistuse koos l\u00f5unas\u00f6\u00f6giga. T\u00e4na pakkisid vabatahtlikud abivajajatele kingipakke.<\/p>\n<p>Kontsert-jumalateenistus toimub 27. detsembril kell 12. Kaasapakitavaid toiduannetusi koguti kuni t\u00e4nase \u00f5htuni Oleviste kirikus.<\/p>\n","protected":false},"excerpt":{"rendered":"Oleviste Hoolekanne korraldab homme koos Oleviste koguduse liikmetega 25. korda koduta ja v\u00e4hekindlustatud inimestele m\u00f5eldud kontsert-jumalateenistuse koos l\u00f5unas\u00f6\u00f6giga.&hellip;\n","protected":false},"author":2,"featured_media":72700,"comment_status":"","ping_status":"","sticky":false,"template":"","format":"standard","meta":{"footnotes":"","_share_on_mastodon":"0"},"categories":[12],"tags":[26,27,37,33,35,34,36,31,32,21,36807,28,29,19,36805,35727,35725,36806,25,23,24,22,20,36808,31728,30],"class_list":["post-72699","post","type-post","status-publish","format-standard","has-post-thumbnail","category-eesti","tag-breaking-news","tag-breakingnews","tag-ee","tag-eesti","tag-eesti-keel","tag-estonia","tag-estonian","tag-featured-news","tag-featurednews","tag-headlines","tag-kodutud","tag-latest-news","tag-latestnews","tag-news","tag-oleviste","tag-oleviste-hoolekanne","tag-oleviste-kirik","tag-oleviste-kogudus","tag-populaarseimad-lood","tag-top-stories","tag-topstories","tag-uldised-uudised","tag-uudised","tag-vahekindlustatud","tag-vahekindlustatud-pered","tag-viimased-uudised"],"share_on_mastodon":{"url":"https:\/\/pubeurope.com\/@ee\/115787154322550799","error":""},"_links":{"self":[{"href":"https:\/\/www.europesays.com\/ee\/wp-json\/wp\/v2\/posts\/72699","targetHints":{"allow":["GET"]}}],"collection":[{"href":"https:\/\/www.europesays.com\/ee\/wp-json\/wp\/v2\/posts"}],"about":[{"href":"https:\/\/www.europesays.com\/ee\/wp-json\/wp\/v2\/types\/post"}],"author":[{"embeddable":true,"href":"https:\/\/www.europesays.com\/ee\/wp-json\/wp\/v2\/users\/2"}],"replies":[{"embeddable":true,"href":"https:\/\/www.europesays.com\/ee\/wp-json\/wp\/v2\/comments?post=72699"}],"version-history":[{"count":0,"href":"https:\/\/www.europesays.com\/ee\/wp-json\/wp\/v2\/posts\/72699\/revisions"}],"wp:featuredmedia":[{"embeddable":true,"href":"https:\/\/www.europesays.com\/ee\/wp-json\/wp\/v2\/media\/72700"}],"wp:attachment":[{"href":"https:\/\/www.europesays.com\/ee\/wp-json\/wp\/v2\/media?parent=72699"}],"wp:term":[{"taxonomy":"category","embeddable":true,"href":"https:\/\/www.europesays.com\/ee\/wp-json\/wp\/v2\/categories?post=72699"},{"taxonomy":"post_tag","embeddable":true,"href":"https:\/\/www.europesays.com\/ee\/wp-json\/wp\/v2\/tags?post=72699"}],"curies":[{"name":"wp","href":"https:\/\/api.w.org\/{rel}","templated":true}]}}