{"id":72828,"date":"2025-12-27T03:54:09","date_gmt":"2025-12-27T03:54:09","guid":{"rendered":"https:\/\/www.europesays.com\/ee\/72828\/"},"modified":"2025-12-27T03:54:09","modified_gmt":"2025-12-27T03:54:09","slug":"kim-rohutas-putinile-saadetud-uusaastatervituses-uhist-verevalamist","status":"publish","type":"post","link":"https:\/\/www.europesays.com\/ee\/72828\/","title":{"rendered":"Kim r\u00f5hutas Putinile saadetud uusaastatervituses \u00fchist verevalamist"},"content":{"rendered":"<p>P\u00f5hja-Korea liider Kim Jong-un r\u00f5hutas t\u00e4na Vene re\u017eiimi juhile Vladimir Putinile uusaastatervitust saates, kuidas tema riik ja Venemaa on Ukraina s\u00f5jas jaganud \u00abverd, elu ja surma\u00bb.<\/p>\n<p>L\u00f5una-Korea ja l\u00e4\u00e4ne luureagentuuride andmetel on Pyongyang saatnud tuhandeid s\u00f5dureid Moskva eest v\u00f5itlema ajal, mil Venemaa j\u00e4tkab oma peaaegu neli aastat kestnud sissetungi Ukrainasse.<\/p>\n","protected":false},"excerpt":{"rendered":"P\u00f5hja-Korea liider Kim Jong-un r\u00f5hutas t\u00e4na Vene re\u017eiimi juhile Vladimir Putinile uusaastatervitust saates, kuidas tema riik ja Venemaa&hellip;\n","protected":false},"author":2,"featured_media":72829,"comment_status":"","ping_status":"","sticky":false,"template":"","format":"standard","meta":{"footnotes":"","_share_on_mastodon":"0"},"categories":[80],"tags":[26,27,37,33,35,34,36,31,32,36874,21,18042,19440,36875,28,29,3605,95,108,19,25,32205,290,5314,16032,23,24,262,22,20,96,30,92,93,94],"class_list":["post-72828","post","type-post","status-publish","format-standard","has-post-thumbnail","category-maailm","tag-breaking-news","tag-breakingnews","tag-ee","tag-eesti","tag-eesti-keel","tag-estonia","tag-estonian","tag-featured-news","tag-featurednews","tag-finantsabi","tag-headlines","tag-kim","tag-kurski-oblast","tag-laane-luureagentuurid","tag-latest-news","tag-latestnews","tag-louna-korea","tag-maailm","tag-moskva","tag-news","tag-populaarseimad-lood","tag-pyongyang","tag-rakett","tag-relv","tag-sodur","tag-top-stories","tag-topstories","tag-ukraina","tag-uldised-uudised","tag-uudised","tag-venemaa","tag-viimased-uudised","tag-world","tag-world-news","tag-worldnews"],"share_on_mastodon":{"url":"https:\/\/pubeurope.com\/@ee\/115789513573618658","error":""},"_links":{"self":[{"href":"https:\/\/www.europesays.com\/ee\/wp-json\/wp\/v2\/posts\/72828","targetHints":{"allow":["GET"]}}],"collection":[{"href":"https:\/\/www.europesays.com\/ee\/wp-json\/wp\/v2\/posts"}],"about":[{"href":"https:\/\/www.europesays.com\/ee\/wp-json\/wp\/v2\/types\/post"}],"author":[{"embeddable":true,"href":"https:\/\/www.europesays.com\/ee\/wp-json\/wp\/v2\/users\/2"}],"replies":[{"embeddable":true,"href":"https:\/\/www.europesays.com\/ee\/wp-json\/wp\/v2\/comments?post=72828"}],"version-history":[{"count":0,"href":"https:\/\/www.europesays.com\/ee\/wp-json\/wp\/v2\/posts\/72828\/revisions"}],"wp:featuredmedia":[{"embeddable":true,"href":"https:\/\/www.europesays.com\/ee\/wp-json\/wp\/v2\/media\/72829"}],"wp:attachment":[{"href":"https:\/\/www.europesays.com\/ee\/wp-json\/wp\/v2\/media?parent=72828"}],"wp:term":[{"taxonomy":"category","embeddable":true,"href":"https:\/\/www.europesays.com\/ee\/wp-json\/wp\/v2\/categories?post=72828"},{"taxonomy":"post_tag","embeddable":true,"href":"https:\/\/www.europesays.com\/ee\/wp-json\/wp\/v2\/tags?post=72828"}],"curies":[{"name":"wp","href":"https:\/\/api.w.org\/{rel}","templated":true}]}}