{"id":7301,"date":"2025-09-29T10:43:07","date_gmt":"2025-09-29T10:43:07","guid":{"rendered":"https:\/\/www.europesays.com\/ee\/7301\/"},"modified":"2025-09-29T10:43:07","modified_gmt":"2025-09-29T10:43:07","slug":"lati-voimuliit-kaarib-valismaa","status":"publish","type":"post","link":"https:\/\/www.europesays.com\/ee\/7301\/","title":{"rendered":"L\u00e4ti v\u00f5imuliit k\u00e4\u00e4rib | V\u00e4lismaa"},"content":{"rendered":"<p>L\u00e4ti rahvusringh\u00e4\u00e4ling LSM teatas, et kolmeliikmelises koalitsioonis valitsevad taas erimeelsused ja riiki v\u00f5ib oodata ees valitsusremont.<\/p>\n<p>Roheliste ja P\u00f5llumeeste Liit (ZZS) v\u00f5ib n\u00f5uda valitsusremonti, kui peaminister Evika Sili\u0146a (Uus \u00dchtsus) viib ellu oma \u00e4hvarduse ja vallandab sotsiaalministri Reinis Uzulnieksi (ZZS), \u00fctles esmasp\u00e4eval ZZS-i juhatuse liige Uldis Augulis L\u00e4ti televisioonile.\u00a0<\/p>\n<p>Viimane valitsusremont L\u00e4tis leidis aset veebruaris. L\u00e4hiajal hakkab aga L\u00e4ti seimi v\u00e4liskomisjon arutama Istanbuli konventsioonist v\u00e4ljaastumise ettepanekut.\u00a0<\/p>\n<p>Seim andis m\u00f6\u00f6dunud neljap\u00e4eval t\u00e4nu valitsuskoalitsiooni kuuluva ZZS toetusele v\u00e4liskomisjonile \u00fcle opositsioonisaadikute ettepaneku Istanbuli konventsiooni denonsseerimiseks, mis t\u00e4hendaks sellest v\u00e4ljaastumist.\u00a0<\/p>\n<p>Sili\u0146a aga \u00fctles, et ZZS-i h\u00e4\u00e4letus Istanbuli konventsioonist lahkumise poolt on koalitsioonileppe rikkumine. Sili\u0146a plaanib esmasp\u00e4eval kohtuda ZZS-i juhtkonnaga, et arutada nende toetust konventsioonist lahkumisele.<\/p>\n<p>Sili\u0146a \u00fctles juba augustis L\u00e4ti meediale, et kui ZZS toetab opositsiooni ettepanekut, siis ta v\u00f5ib vallandada\u00a0 Reinis Uzulnieksi. ZZS eiras Sili\u0146a \u00e4hvardust, siiamaani pole Sili\u0146a oma \u00e4hvardust ka ellu viinud.\u00a0<\/p>\n<p>ZZS on andnud m\u00e4rku, et j\u00e4tkab\u00a0 Reinis Uzulnieksi toetamist. LSM kirjutab, et on veel v\u00f5imalus, et praegune v\u00f5imuliit v\u00f5ib laguneda, seda vaid aasta enne j\u00e4rgmisi parlamendivalimisi.\u00a0<\/p>\n<p>Politoloog Iveta Ka\u017eoka \u00fctles L\u00e4ti raadiole, et v\u00f5imuliidus on juba pikemat aega valitsenud erimeelsused. Pole aga selge, miks ZZS otsustas just n\u00fc\u00fcd toetada Istanbuli konventsioonist lahkumist. V\u00f5imalik, et ZZS otsib endale uusi koalitsioonipartnereid<\/p>\n<p>&#8220;Teoreetiliselt oleks ZZS-ile kasulikum olla koalitsioonis, mida ei juhi Uus \u00dchtsus, sest ZZS-i valijatele pole algusest peale meeldinud olla Uue \u00dchtsuse valitsuses. Samal ajal pole neil palju man\u00f6\u00f6verdamise ruumi. Paberil koalitsioon eksisteerib, kuid peaminister peab t\u00e4na otsustama, kas see eksisteerib ka p\u00e4riselus,&#8221; \u00fctles Ka\u017eoka.<\/p>\n","protected":false},"excerpt":{"rendered":"L\u00e4ti rahvusringh\u00e4\u00e4ling LSM teatas, et kolmeliikmelises koalitsioonis valitsevad taas erimeelsused ja riiki v\u00f5ib oodata ees valitsusremont. Roheliste ja&hellip;\n","protected":false},"author":2,"featured_media":7302,"comment_status":"","ping_status":"","sticky":false,"template":"","format":"standard","meta":{"footnotes":"","_share_on_mastodon":"0"},"categories":[80],"tags":[26,27,37,33,35,34,36,31,32,21,5206,28,29,114,95,19,2706,25,23,24,22,20,670,5719,30,5718,92,93,94],"class_list":["post-7301","post","type-post","status-publish","format-standard","has-post-thumbnail","category-maailm","tag-breaking-news","tag-breakingnews","tag-ee","tag-eesti","tag-eesti-keel","tag-estonia","tag-estonian","tag-featured-news","tag-featurednews","tag-headlines","tag-istanbuli-konventsioon","tag-latest-news","tag-latestnews","tag-lati","tag-maailm","tag-news","tag-parlament","tag-populaarseimad-lood","tag-top-stories","tag-topstories","tag-uldised-uudised","tag-uudised","tag-valimised","tag-valitsusremont","tag-viimased-uudised","tag-voimuliit","tag-world","tag-world-news","tag-worldnews"],"share_on_mastodon":{"url":"","error":""},"_links":{"self":[{"href":"https:\/\/www.europesays.com\/ee\/wp-json\/wp\/v2\/posts\/7301","targetHints":{"allow":["GET"]}}],"collection":[{"href":"https:\/\/www.europesays.com\/ee\/wp-json\/wp\/v2\/posts"}],"about":[{"href":"https:\/\/www.europesays.com\/ee\/wp-json\/wp\/v2\/types\/post"}],"author":[{"embeddable":true,"href":"https:\/\/www.europesays.com\/ee\/wp-json\/wp\/v2\/users\/2"}],"replies":[{"embeddable":true,"href":"https:\/\/www.europesays.com\/ee\/wp-json\/wp\/v2\/comments?post=7301"}],"version-history":[{"count":0,"href":"https:\/\/www.europesays.com\/ee\/wp-json\/wp\/v2\/posts\/7301\/revisions"}],"wp:featuredmedia":[{"embeddable":true,"href":"https:\/\/www.europesays.com\/ee\/wp-json\/wp\/v2\/media\/7302"}],"wp:attachment":[{"href":"https:\/\/www.europesays.com\/ee\/wp-json\/wp\/v2\/media?parent=7301"}],"wp:term":[{"taxonomy":"category","embeddable":true,"href":"https:\/\/www.europesays.com\/ee\/wp-json\/wp\/v2\/categories?post=7301"},{"taxonomy":"post_tag","embeddable":true,"href":"https:\/\/www.europesays.com\/ee\/wp-json\/wp\/v2\/tags?post=7301"}],"curies":[{"name":"wp","href":"https:\/\/api.w.org\/{rel}","templated":true}]}}