{"id":73334,"date":"2025-12-28T09:03:09","date_gmt":"2025-12-28T09:03:09","guid":{"rendered":"https:\/\/www.europesays.com\/ee\/73334\/"},"modified":"2025-12-28T09:03:09","modified_gmt":"2025-12-28T09:03:09","slug":"euroopa-relvastumine-toi-briti-kaitsetoostusele-rekordaasta","status":"publish","type":"post","link":"https:\/\/www.europesays.com\/ee\/73334\/","title":{"rendered":"Euroopa relvastumine t\u00f5i Briti kaitset\u00f6\u00f6stusele rekordaasta"},"content":{"rendered":"<p>\u00dchendkuningriigi kaitset\u00f6\u00f6stusele kujuneb 2025. aasta rekordiliseks \u2013 valitsus s\u00f5lmis \u00fcle 20 miljardi naela ehk ligi 23 miljardi euro v\u00e4\u00e4rtuses kaitsetehinguid, mis on k\u00f5rgeim tase alates arvepidamise algusest 40 aastat tagasi.<\/p>\n<p>\u00dchendkuningriigi relvat\u00f6\u00f6stuse buumi toetab Euroopa ja NATO riikide p\u00fc\u00fcd Ukraina s\u00f5ja valguses oma kaitsev\u00f5imet t\u00f5sta.<\/p>\n","protected":false},"excerpt":{"rendered":"\u00dchendkuningriigi kaitset\u00f6\u00f6stusele kujuneb 2025. aasta rekordiliseks \u2013 valitsus s\u00f5lmis \u00fcle 20 miljardi naela ehk ligi 23 miljardi euro&hellip;\n","protected":false},"author":2,"featured_media":73335,"comment_status":"","ping_status":"","sticky":false,"template":"","format":"standard","meta":{"footnotes":"","_share_on_mastodon":"0"},"categories":[80],"tags":[26,27,20320,37,33,35,34,36,112,31,32,21,37101,2164,28,29,37100,95,54,19,1437,25,23,24,116,329,1038,124,22,20,30,92,93,94],"class_list":["post-73334","post","type-post","status-publish","format-standard","has-post-thumbnail","category-maailm","tag-breaking-news","tag-breakingnews","tag-c-130","tag-ee","tag-eesti","tag-eesti-keel","tag-estonia","tag-estonian","tag-euroopa","tag-featured-news","tag-featurednews","tag-headlines","tag-kaitsetellimused","tag-kaitsetoostus","tag-latest-news","tag-latestnews","tag-luke-pollard","tag-maailm","tag-nato","tag-news","tag-norra","tag-populaarseimad-lood","tag-top-stories","tag-topstories","tag-tsehhi","tag-turgi","tag-uhendkuningriik","tag-ukraina-soda","tag-uldised-uudised","tag-uudised","tag-viimased-uudised","tag-world","tag-world-news","tag-worldnews"],"share_on_mastodon":{"url":"https:\/\/pubeurope.com\/@ee\/115796390949239282","error":""},"_links":{"self":[{"href":"https:\/\/www.europesays.com\/ee\/wp-json\/wp\/v2\/posts\/73334","targetHints":{"allow":["GET"]}}],"collection":[{"href":"https:\/\/www.europesays.com\/ee\/wp-json\/wp\/v2\/posts"}],"about":[{"href":"https:\/\/www.europesays.com\/ee\/wp-json\/wp\/v2\/types\/post"}],"author":[{"embeddable":true,"href":"https:\/\/www.europesays.com\/ee\/wp-json\/wp\/v2\/users\/2"}],"replies":[{"embeddable":true,"href":"https:\/\/www.europesays.com\/ee\/wp-json\/wp\/v2\/comments?post=73334"}],"version-history":[{"count":0,"href":"https:\/\/www.europesays.com\/ee\/wp-json\/wp\/v2\/posts\/73334\/revisions"}],"wp:featuredmedia":[{"embeddable":true,"href":"https:\/\/www.europesays.com\/ee\/wp-json\/wp\/v2\/media\/73335"}],"wp:attachment":[{"href":"https:\/\/www.europesays.com\/ee\/wp-json\/wp\/v2\/media?parent=73334"}],"wp:term":[{"taxonomy":"category","embeddable":true,"href":"https:\/\/www.europesays.com\/ee\/wp-json\/wp\/v2\/categories?post=73334"},{"taxonomy":"post_tag","embeddable":true,"href":"https:\/\/www.europesays.com\/ee\/wp-json\/wp\/v2\/tags?post=73334"}],"curies":[{"name":"wp","href":"https:\/\/api.w.org\/{rel}","templated":true}]}}