{"id":73340,"date":"2025-12-28T09:13:07","date_gmt":"2025-12-28T09:13:07","guid":{"rendered":"https:\/\/www.europesays.com\/ee\/73340\/"},"modified":"2025-12-28T09:13:07","modified_gmt":"2025-12-28T09:13:07","slug":"aasta-lopuga-kaasnevad-suured-kulutused-sunnivad-inimesi-otsima-tooampse","status":"publish","type":"post","link":"https:\/\/www.europesays.com\/ee\/73340\/","title":{"rendered":"Aasta l\u00f5puga kaasnevad suured kulutused sunnivad inimesi otsima t\u00f6\u00f6ampse"},"content":{"rendered":"<p>Talve ja eriti just detsembriga kaasnevad suured hooajalised kulud tekitavad vajaduse lisasissetuleku j\u00e4rele, sest tavalisest palgast j\u00e4\u00e4b puudu. Teisalt tuleb p\u00fcsiva t\u00f6\u00f6koha otsijatel sel ajal sageli leppida vaiksema t\u00f6\u00f6turuga, kuna ettev\u00f5tted keskenduvad aasta l\u00f5petamisele ja edasiste sammude planeerimisele. Lahenduseks ongi l\u00fchiajalised t\u00f6\u00f6otsad, mis \u00fchest k\u00fcljest sobivad lisasissetuleku teenimiseks, teisalt aitavad \u00fcle elada \u00fcleminekuperioodi, kuni v\u00e4rbamine taas elavneb.<\/p>\n<p>Ajutisi t\u00f6\u00f6kohti vahendava platvormi Workis m\u00fc\u00fcgijuhi Paul-Markus Orava s\u00f5nul suureneb huvi l\u00fchiajaliste t\u00f6\u00f6de j\u00e4rele igal aastal hiliss\u00fcgisest ja kestab terve talve. \u201eSoovitakse teenida p\u00f5hit\u00f6\u00f6koha k\u00f5rval lisatulu, aga on ka neid, kel aastal\u00f5pu aeglasema v\u00e4rbamise t\u00f5ttu on keeruline p\u00fcsivat t\u00f6\u00f6kohta leida ja on vaja tagada finantsstabiilsus kuni <a rel=\"noopener nofollow\" target=\"_blank\" href=\"https:\/\/www.delfi.ee\/teema\/25526857\/tooturg\" tag-id=\"25526857\">t\u00f6\u00f6turg<\/a> taas aktiivsemaks muutub.\u201c<\/p>\n<p>Talvised t\u00f6\u00f6ampsud on tavaliselt seotud pakendamise, sorteerimise, ladustamise, laos tehtava abit\u00f6\u00f6 ning suurenenud n\u00f5udlusega jaekaubanduses ja saadetiste kohaletoimetamisel. Need n\u00f5uavad minimaalset v\u00e4lja\u00f5pet ja alustada saab kiiresti, mis on kasulik m\u00f5lemale poolele \u2013 ettev\u00f5te saab tippkoormusega kuudel efektiivselt t\u00f6\u00f6k\u00e4si juurde hankida ning t\u00f6\u00f6tajad saavad v\u00f5imaluse t\u00f6\u00f6tada oma ajakavale sobival ajal ja pika sisseelamisprotsessita.<\/p>\n<p>T\u00f6\u00f6ampsud on Orava s\u00f5nul populaarsed ka seet\u00f5ttu, et pikaajalise kindlaksm\u00e4\u00e4ratud t\u00f6\u00f6graafiku asemel saab paindlike vahetustega teenida lisaraha just siis, kui parasjagu aega on \u2013 \u00f5htuti, n\u00e4dalavahetustel v\u00f5i l\u00fchikeste vaheaegade jooksul eksamite ja loengute vahel.<\/p>\n<p>Kuidas see lugu Sind end tundma pani? Saada <a href=\"https:\/\/arileht.delfi.ee\/artikkel\/120426020\/aasta-lopuga-kaasnevad-suured-kulutused-sunnivad-inimesi-otsima-tooampse\/kommentaarid\" class=\"article-body-bottom__comment article-body-bottom__comment--write button button--primary button--size-auto\" rel=\"nofollow noopener\" target=\"_blank\"> Kommenteeri <\/a><a href=\"https:\/\/arileht.delfi.ee\/artikkel\/120426020\/aasta-lopuga-kaasnevad-suured-kulutused-sunnivad-inimesi-otsima-tooampse\/kommentaarid\" class=\"article-body-bottom__comment article-body-bottom__comment--read button button--size-auto\" rel=\"nofollow noopener\" target=\"_blank\"> Loe kommentaare (1)<\/a><\/p>\n","protected":false},"excerpt":{"rendered":"Talve ja eriti just detsembriga kaasnevad suured hooajalised kulud tekitavad vajaduse lisasissetuleku j\u00e4rele, sest tavalisest palgast j\u00e4\u00e4b puudu.&hellip;\n","protected":false},"author":2,"featured_media":73341,"comment_status":"","ping_status":"","sticky":false,"template":"","format":"standard","meta":{"footnotes":"","_share_on_mastodon":"0"},"categories":[14],"tags":[131,130,37,33,35,34,36,3353,978,2161],"class_list":["post-73340","post","type-post","status-publish","format-standard","has-post-thumbnail","category-ari","tag-ari","tag-business","tag-ee","tag-eesti","tag-eesti-keel","tag-estonia","tag-estonian","tag-tooelu","tag-toojoupuudus","tag-tooturg"],"share_on_mastodon":{"url":"https:\/\/pubeurope.com\/@ee\/115796430207786494","error":""},"_links":{"self":[{"href":"https:\/\/www.europesays.com\/ee\/wp-json\/wp\/v2\/posts\/73340","targetHints":{"allow":["GET"]}}],"collection":[{"href":"https:\/\/www.europesays.com\/ee\/wp-json\/wp\/v2\/posts"}],"about":[{"href":"https:\/\/www.europesays.com\/ee\/wp-json\/wp\/v2\/types\/post"}],"author":[{"embeddable":true,"href":"https:\/\/www.europesays.com\/ee\/wp-json\/wp\/v2\/users\/2"}],"replies":[{"embeddable":true,"href":"https:\/\/www.europesays.com\/ee\/wp-json\/wp\/v2\/comments?post=73340"}],"version-history":[{"count":0,"href":"https:\/\/www.europesays.com\/ee\/wp-json\/wp\/v2\/posts\/73340\/revisions"}],"wp:featuredmedia":[{"embeddable":true,"href":"https:\/\/www.europesays.com\/ee\/wp-json\/wp\/v2\/media\/73341"}],"wp:attachment":[{"href":"https:\/\/www.europesays.com\/ee\/wp-json\/wp\/v2\/media?parent=73340"}],"wp:term":[{"taxonomy":"category","embeddable":true,"href":"https:\/\/www.europesays.com\/ee\/wp-json\/wp\/v2\/categories?post=73340"},{"taxonomy":"post_tag","embeddable":true,"href":"https:\/\/www.europesays.com\/ee\/wp-json\/wp\/v2\/tags?post=73340"}],"curies":[{"name":"wp","href":"https:\/\/api.w.org\/{rel}","templated":true}]}}