{"id":73901,"date":"2025-12-29T14:33:10","date_gmt":"2025-12-29T14:33:10","guid":{"rendered":"https:\/\/www.europesays.com\/ee\/73901\/"},"modified":"2025-12-29T14:33:10","modified_gmt":"2025-12-29T14:33:10","slug":"kadri-paas-%e2%9f%a9-putin-lubas-juba-17-aastat-tagasi-et-hakkab-ukrainas-probleeme-tekitama","status":"publish","type":"post","link":"https:\/\/www.europesays.com\/ee\/73901\/","title":{"rendered":"KADRI PAAS \u27e9 Putin lubas juba 17 aastat tagasi, et hakkab Ukrainas probleeme tekitama"},"content":{"rendered":"<p>J\u00f5ulureedel avaldas George Washingtoni \u00fclikooli riiklik julgeolekuarhiiv Vene re\u017eiimi juhi Vladimir Putini kohtumiste ja telefonik\u00f5nede s\u00f5na-s\u00f5nalised transkriptsioonid USA presidendi George W. Bushiga. Materjalid annavad aimu, kui usalduslik suhe oli USA riigipeal T\u0161et\u0161eenia teise s\u00f5ja algataja ja venelaste elumajade \u00f5hkijaga, kirjutab ajakirjanik Kadri Paas.<\/p>\n<p>23. detsembril avaldas arhiiv kolm k\u00f5ige olulisemat Putini ja Bushi vestlust aastatest 2001, 2005 ja nende viimasest kohtumisest 2008. aastal.<\/p>\n","protected":false},"excerpt":{"rendered":"J\u00f5ulureedel avaldas George Washingtoni \u00fclikooli riiklik julgeolekuarhiiv Vene re\u017eiimi juhi Vladimir Putini kohtumiste ja telefonik\u00f5nede s\u00f5na-s\u00f5nalised transkriptsioonid USA&hellip;\n","protected":false},"author":2,"featured_media":73902,"comment_status":"","ping_status":"","sticky":false,"template":"","format":"standard","meta":{"footnotes":"","_share_on_mastodon":"0"},"categories":[5],"tags":[13220,587,26,27,36753,37389,37388,37,33,35,34,36,31,32,1946,21,1925,28,29,54,19,2031,25,3738,3795,37390,23,24,37387,262,22,20,96,30,37385,37386],"class_list":["post-73901","post","type-post","status-publish","format-standard","has-post-thumbnail","category-uldised-uudised","tag-al-qaeda","tag-ameerika-uhendriigid","tag-breaking-news","tag-breakingnews","tag-bush","tag-condoleezza-rice","tag-donald-rumsfeld","tag-ee","tag-eesti","tag-eesti-keel","tag-estonia","tag-estonian","tag-featured-news","tag-featurednews","tag-gruusia","tag-headlines","tag-iraan","tag-latest-news","tag-latestnews","tag-nato","tag-news","tag-pohja-korea","tag-populaarseimad-lood","tag-putin","tag-sergei-lavrov","tag-stephen-hadley","tag-top-stories","tag-topstories","tag-tsetseeni-soda","tag-ukraina","tag-uldised-uudised","tag-uudised","tag-venemaa","tag-viimased-uudised","tag-vladimir-rusailo","tag-zbigniew-brzezinski"],"share_on_mastodon":{"url":"","error":"Validation failed: Text character limit of 500 exceeded"},"_links":{"self":[{"href":"https:\/\/www.europesays.com\/ee\/wp-json\/wp\/v2\/posts\/73901","targetHints":{"allow":["GET"]}}],"collection":[{"href":"https:\/\/www.europesays.com\/ee\/wp-json\/wp\/v2\/posts"}],"about":[{"href":"https:\/\/www.europesays.com\/ee\/wp-json\/wp\/v2\/types\/post"}],"author":[{"embeddable":true,"href":"https:\/\/www.europesays.com\/ee\/wp-json\/wp\/v2\/users\/2"}],"replies":[{"embeddable":true,"href":"https:\/\/www.europesays.com\/ee\/wp-json\/wp\/v2\/comments?post=73901"}],"version-history":[{"count":0,"href":"https:\/\/www.europesays.com\/ee\/wp-json\/wp\/v2\/posts\/73901\/revisions"}],"wp:featuredmedia":[{"embeddable":true,"href":"https:\/\/www.europesays.com\/ee\/wp-json\/wp\/v2\/media\/73902"}],"wp:attachment":[{"href":"https:\/\/www.europesays.com\/ee\/wp-json\/wp\/v2\/media?parent=73901"}],"wp:term":[{"taxonomy":"category","embeddable":true,"href":"https:\/\/www.europesays.com\/ee\/wp-json\/wp\/v2\/categories?post=73901"},{"taxonomy":"post_tag","embeddable":true,"href":"https:\/\/www.europesays.com\/ee\/wp-json\/wp\/v2\/tags?post=73901"}],"curies":[{"name":"wp","href":"https:\/\/api.w.org\/{rel}","templated":true}]}}