{"id":73934,"date":"2025-12-29T15:05:06","date_gmt":"2025-12-29T15:05:06","guid":{"rendered":"https:\/\/www.europesays.com\/ee\/73934\/"},"modified":"2025-12-29T15:05:06","modified_gmt":"2025-12-29T15:05:06","slug":"uuring-paljastab-millised-on-eestlaste-uue-aasta-finantseesmargid","status":"publish","type":"post","link":"https:\/\/www.europesays.com\/ee\/73934\/","title":{"rendered":"Uuring paljastab, millised on eestlaste uue aasta finantseesm\u00e4rgid"},"content":{"rendered":"<p>Algava aasta plaanides paistab eestlaste jaoks olulisel kohal olevat rahaline kindlustunne. Citadele panga k\u00fcsitlus viitab, et selle nimel m\u00f5eldakse nii s\u00e4\u00e4studele, sissetulekute kasvatamisele kui ka kulude \u00fclevaatamisele, mis n\u00e4itab, et lahendusi otsitakse mitmest suunast korraga.<\/p>\n<p>Algaval 2026. aastal soovib oma olemasolevaid s\u00e4\u00e4ste suurendada 26 protsenti vastanutest ning 20 protsenti seab eesm\u00e4rgiks s\u00e4\u00e4stude kogumise \u00fcldisemalt. 17 protsenti plaanib luua 3-6 kuu kulusid katva s\u00e4\u00e4stupuhvri.<\/p>\n","protected":false},"excerpt":{"rendered":"Algava aasta plaanides paistab eestlaste jaoks olulisel kohal olevat rahaline kindlustunne. Citadele panga k\u00fcsitlus viitab, et selle nimel&hellip;\n","protected":false},"author":2,"featured_media":73935,"comment_status":"","ping_status":"","sticky":false,"template":"","format":"standard","meta":{"footnotes":"","_share_on_mastodon":"0"},"categories":[12],"tags":[26,27,22389,33582,37,33,35,22956,34,36,31,32,37414,21,15226,16313,28,29,24394,24395,19,1832,37415,25,16369,3754,23,24,22,20,30],"class_list":["post-73934","post","type-post","status-publish","format-standard","has-post-thumbnail","category-eesti","tag-breaking-news","tag-breakingnews","tag-citadele","tag-edward-rebane","tag-ee","tag-eesti","tag-eesti-keel","tag-eestis","tag-estonia","tag-estonian","tag-featured-news","tag-featurednews","tag-finantseesmark","tag-headlines","tag-kulud","tag-laenud","tag-latest-news","tag-latestnews","tag-latis","tag-leedus","tag-news","tag-norstat","tag-polvkond","tag-populaarseimad-lood","tag-saast","tag-sissetulek","tag-top-stories","tag-topstories","tag-uldised-uudised","tag-uudised","tag-viimased-uudised"],"share_on_mastodon":{"url":"https:\/\/pubeurope.com\/@ee\/115803476666981450","error":""},"_links":{"self":[{"href":"https:\/\/www.europesays.com\/ee\/wp-json\/wp\/v2\/posts\/73934","targetHints":{"allow":["GET"]}}],"collection":[{"href":"https:\/\/www.europesays.com\/ee\/wp-json\/wp\/v2\/posts"}],"about":[{"href":"https:\/\/www.europesays.com\/ee\/wp-json\/wp\/v2\/types\/post"}],"author":[{"embeddable":true,"href":"https:\/\/www.europesays.com\/ee\/wp-json\/wp\/v2\/users\/2"}],"replies":[{"embeddable":true,"href":"https:\/\/www.europesays.com\/ee\/wp-json\/wp\/v2\/comments?post=73934"}],"version-history":[{"count":0,"href":"https:\/\/www.europesays.com\/ee\/wp-json\/wp\/v2\/posts\/73934\/revisions"}],"wp:featuredmedia":[{"embeddable":true,"href":"https:\/\/www.europesays.com\/ee\/wp-json\/wp\/v2\/media\/73935"}],"wp:attachment":[{"href":"https:\/\/www.europesays.com\/ee\/wp-json\/wp\/v2\/media?parent=73934"}],"wp:term":[{"taxonomy":"category","embeddable":true,"href":"https:\/\/www.europesays.com\/ee\/wp-json\/wp\/v2\/categories?post=73934"},{"taxonomy":"post_tag","embeddable":true,"href":"https:\/\/www.europesays.com\/ee\/wp-json\/wp\/v2\/tags?post=73934"}],"curies":[{"name":"wp","href":"https:\/\/api.w.org\/{rel}","templated":true}]}}