{"id":74300,"date":"2025-12-29T22:44:06","date_gmt":"2025-12-29T22:44:06","guid":{"rendered":"https:\/\/www.europesays.com\/ee\/74300\/"},"modified":"2025-12-29T22:44:06","modified_gmt":"2025-12-29T22:44:06","slug":"mulle-meeldis-kui-mulle-oeldi-et-mul-on-kena-vaike-pepu","status":"publish","type":"post","link":"https:\/\/www.europesays.com\/ee\/74300\/","title":{"rendered":"\u201eMulle meeldis, kui mulle \u00f6eldi, et mul on kena v\u00e4ike pepu.\u201c"},"content":{"rendered":"<p>\n                Triin Tael, 30. detsember 2025\n            <\/p>\n<p>P\u00fchap\u00e4eval 91 aasta vanuses surnud Brigitte Bardot tantsis noorp\u00f5lvefilmis \u201eJa jumal l\u00f5i naise\u201c (1956) ennastunustavalt, reied paljad ja juuksed sassis, p\u00f6\u00f6rates pea peale s\u00f5jaj\u00e4rgse Prantsusmaa ettekujutuse naiselikkusest. Varem oleks sellist isep\u00e4ist kaunitari, kes kallimaid nagu taskur\u00e4tikuid vahetab, lipakaks nimetatud. Liberaalse naise, seksapiilsuse ja stiilsuse v\u00f5rdkuju pettus meestes ning oma ainsale lapsele p\u00f6\u00f6ras ta selja juba enne s\u00fcnnitust. Edukast karj\u00e4\u00e4rist loobudes p\u00fchendus BB loomadele.<\/p>\n<p data-block-id=\"dbe9e\">\u201eTeatame s\u00fcgava kurbusega proua Brigitte Bardot&#8217; surmast, kes otsustas j\u00e4tta oma prestii\u017ese karj\u00e4\u00e4ri, et p\u00fchendada oma elu loomade heaolule ja sihtasutusele,\u201c teatas prantsuse filmilegendi nime kandev sihtasutus p\u00fchap\u00e4eval. Surma p\u00f5hjust sihtasutus ei avaldanud, k\u00fcll aga m\u00f6\u00f6nis, et 91aastane Bardot oli viibinud haiglas.<\/p>\n<p data-block-id=\"03f46\">1973. aastal viimase filmirolli teinud Bardot&#8217; tervis oli viimasel ajal halvenenud. 2023. aasta suvel viidi ta hingamisraskuste t\u00f5ttu haiglasse. \u201eNagu k\u00f5ik teatud vanuses inimesed, ei talu Brigitte enam kuumust,\u201c seletas endise n\u00e4itlejanna neljas abikaasa Bernard d\u2019Ormale. T\u00e4navu oktoobris tunnistas Bardot, et k\u00e4is l\u00f5ikusel. Varsti p\u00e4rast seda levisid sotsiaalmeedias kuuldused aastak\u00fcmneid avalikkuse eest eemalet\u00f5mbunult elanud BB surmast. \u201eMulle teadaoleva eksklusiivse info kohaselt suri Brigitte Bardot t\u00e4na,\u201c kirjutas populaarne prantsuse klat\u0161iblogija Aqababe toona. Kuid paar tundi hiljem kirjutas Bardot ise platvormil X talle omase otsekohesusega: \u201eMa ei tea, kes see idioot oli, kes t\u00e4na \u00f5htul mu kadumisest v\u00f5ltsuudist levitama hakkas, aga ma tean, et minuga on k\u00f5ik h\u00e4sti ja et mul pole kavatsustki vedru v\u00e4lja visata.\u201c<\/p>\n","protected":false},"excerpt":{"rendered":"Triin Tael, 30. detsember 2025 P\u00fchap\u00e4eval 91 aasta vanuses surnud Brigitte Bardot tantsis noorp\u00f5lvefilmis \u201eJa jumal l\u00f5i naise\u201c&hellip;\n","protected":false},"author":2,"featured_media":74301,"comment_status":"","ping_status":"","sticky":false,"template":"","format":"standard","meta":{"footnotes":""},"categories":[16],"tags":[464,37,33,35,173,34,36,140],"class_list":{"0":"post-74300","1":"post","2":"type-post","3":"status-publish","4":"format-standard","5":"has-post-thumbnail","7":"category-meelelahutus","8":"tag-digileht-ohtuleht-ee","9":"tag-ee","10":"tag-eesti","11":"tag-eesti-keel","12":"tag-entertainment","13":"tag-estonia","14":"tag-estonian","15":"tag-meelelahutus"},"share_on_mastodon":{"url":"https:\/\/pubeurope.com\/@ee\/115805281581220015","error":""},"_links":{"self":[{"href":"https:\/\/www.europesays.com\/ee\/wp-json\/wp\/v2\/posts\/74300","targetHints":{"allow":["GET"]}}],"collection":[{"href":"https:\/\/www.europesays.com\/ee\/wp-json\/wp\/v2\/posts"}],"about":[{"href":"https:\/\/www.europesays.com\/ee\/wp-json\/wp\/v2\/types\/post"}],"author":[{"embeddable":true,"href":"https:\/\/www.europesays.com\/ee\/wp-json\/wp\/v2\/users\/2"}],"replies":[{"embeddable":true,"href":"https:\/\/www.europesays.com\/ee\/wp-json\/wp\/v2\/comments?post=74300"}],"version-history":[{"count":0,"href":"https:\/\/www.europesays.com\/ee\/wp-json\/wp\/v2\/posts\/74300\/revisions"}],"wp:featuredmedia":[{"embeddable":true,"href":"https:\/\/www.europesays.com\/ee\/wp-json\/wp\/v2\/media\/74301"}],"wp:attachment":[{"href":"https:\/\/www.europesays.com\/ee\/wp-json\/wp\/v2\/media?parent=74300"}],"wp:term":[{"taxonomy":"category","embeddable":true,"href":"https:\/\/www.europesays.com\/ee\/wp-json\/wp\/v2\/categories?post=74300"},{"taxonomy":"post_tag","embeddable":true,"href":"https:\/\/www.europesays.com\/ee\/wp-json\/wp\/v2\/tags?post=74300"}],"curies":[{"name":"wp","href":"https:\/\/api.w.org\/{rel}","templated":true}]}}