{"id":74311,"date":"2025-12-29T23:07:23","date_gmt":"2025-12-29T23:07:23","guid":{"rendered":"https:\/\/www.europesays.com\/ee\/74311\/"},"modified":"2025-12-29T23:07:23","modified_gmt":"2025-12-29T23:07:23","slug":"delfi-video-misasja-mis-toimub-ott-kiivikase-ja-gerd-kanteriga-puhiti-koieveos-porandat","status":"publish","type":"post","link":"https:\/\/www.europesays.com\/ee\/74311\/","title":{"rendered":"DELFI VIDEO | \u201eMisasja&#8230; Mis toimub?\u201c Ott Kiivikase ja Gerd Kanteriga p\u00fchiti k\u00f6ieveos p\u00f5randat"},"content":{"rendered":"<p>\u201eMisasja&#8230; Mis toimub?\u201c oli Kiivikas esimese kaotatud katse j\u00e4rel n\u00f5utu. <\/p>\n<p>\u201eKas sa pole trennis k\u00e4inud? Ma pole sind j\u00f5usaalis enam n\u00e4inud, aga ise k\u00e4in neli korda n\u00e4dalas. Vaata, see maksab k\u00e4tte, Gerd,\u201c muigas Kiivikas, et veel eelmisel aastal osutati Rajale ja Endreksonile k\u00f5va vastupanu.<\/p>\n<p>Kuidas see lugu Sind end tundma pani? Saada <a href=\"https:\/\/sport.delfi.ee\/artikkel\/120426065\/delfi-video-misasja-mis-toimub-ott-kiivikase-ja-gerd-kanteriga-puhiti-koieveos-porandat\/kommentaarid\" class=\"article-body-bottom__comment article-body-bottom__comment--write button button--primary button--size-auto\" rel=\"nofollow noopener\" target=\"_blank\"> Kommenteeri <\/a><a href=\"https:\/\/sport.delfi.ee\/artikkel\/120426065\/delfi-video-misasja-mis-toimub-ott-kiivikase-ja-gerd-kanteriga-puhiti-koieveos-porandat\/kommentaarid\" class=\"article-body-bottom__comment article-body-bottom__comment--read button button--size-auto\" rel=\"nofollow noopener\" target=\"_blank\"> Loe kommentaare (24)<\/a><\/p>\n","protected":false},"excerpt":{"rendered":"\u201eMisasja&#8230; Mis toimub?\u201c oli Kiivikas esimese kaotatud katse j\u00e4rel n\u00f5utu. \u201eKas sa pole trennis k\u00e4inud? Ma pole sind&hellip;\n","protected":false},"author":2,"featured_media":74312,"comment_status":"","ping_status":"","sticky":false,"template":"","format":"standard","meta":{"footnotes":""},"categories":[18],"tags":[12872,37,33,35,34,36,7485,33918,159,158,10893],"class_list":{"0":"post-74311","1":"post","2":"type-post","3":"status-publish","4":"format-standard","5":"has-post-thumbnail","7":"category-sport","8":"tag-allar-raja","9":"tag-ee","10":"tag-eesti","11":"tag-eesti-keel","12":"tag-estonia","13":"tag-estonian","14":"tag-gerd-kanter","15":"tag-ott-kiivikas","16":"tag-sport","17":"tag-sports","18":"tag-tonu-endrekson"},"share_on_mastodon":{"url":"https:\/\/pubeurope.com\/@ee\/115805371909882873","error":""},"_links":{"self":[{"href":"https:\/\/www.europesays.com\/ee\/wp-json\/wp\/v2\/posts\/74311","targetHints":{"allow":["GET"]}}],"collection":[{"href":"https:\/\/www.europesays.com\/ee\/wp-json\/wp\/v2\/posts"}],"about":[{"href":"https:\/\/www.europesays.com\/ee\/wp-json\/wp\/v2\/types\/post"}],"author":[{"embeddable":true,"href":"https:\/\/www.europesays.com\/ee\/wp-json\/wp\/v2\/users\/2"}],"replies":[{"embeddable":true,"href":"https:\/\/www.europesays.com\/ee\/wp-json\/wp\/v2\/comments?post=74311"}],"version-history":[{"count":0,"href":"https:\/\/www.europesays.com\/ee\/wp-json\/wp\/v2\/posts\/74311\/revisions"}],"wp:featuredmedia":[{"embeddable":true,"href":"https:\/\/www.europesays.com\/ee\/wp-json\/wp\/v2\/media\/74312"}],"wp:attachment":[{"href":"https:\/\/www.europesays.com\/ee\/wp-json\/wp\/v2\/media?parent=74311"}],"wp:term":[{"taxonomy":"category","embeddable":true,"href":"https:\/\/www.europesays.com\/ee\/wp-json\/wp\/v2\/categories?post=74311"},{"taxonomy":"post_tag","embeddable":true,"href":"https:\/\/www.europesays.com\/ee\/wp-json\/wp\/v2\/tags?post=74311"}],"curies":[{"name":"wp","href":"https:\/\/api.w.org\/{rel}","templated":true}]}}