{"id":74315,"date":"2025-12-29T23:18:22","date_gmt":"2025-12-29T23:18:22","guid":{"rendered":"https:\/\/www.europesays.com\/ee\/74315\/"},"modified":"2025-12-29T23:18:22","modified_gmt":"2025-12-29T23:18:22","slug":"rekordsumma-eest-liverpooli-muudud-endist-rundetahte-ahvardab-vanglakaristus-soccernet-ee","status":"publish","type":"post","link":"https:\/\/www.europesays.com\/ee\/74315\/","title":{"rendered":"Rekordsumma eest Liverpooli m\u00fc\u00fcdud endist r\u00fcndet\u00e4hte \u00e4hvardab vanglakaristus &#8211; Soccernet.ee"},"content":{"rendered":"<p><img decoding=\"async\" src=\"https:\/\/www.europesays.com\/ee\/wp-content\/uploads\/2025\/12\/1766926414.jpeg\" alt=\"Andy Carroll t\u00f5usis kiirelt tippu, aga langes sealt sama ruttu. Foto: Scanpix \/ Tom Hevezi \/ AP Photo\"\/>&#13;\n<\/p>\n<p>Inglismaa koondise eest \u00fcheksa m\u00e4ngu pidanud ja kaks v\u00e4ravat l\u00f6\u00f6nud r\u00fcndaja Andy Carroll astub uuel n\u00e4dalal kohtu ette s\u00fc\u00fcdistatuna ahistamiskeelu rikkumises. Halvemal juhul v\u00f5ib teda ees oodata vanglakaristus.<\/p>\n<p>Kuna Inglismaal on s\u00fc\u00fcdistatava kohta lubatud kohtuprotsessi eel meedias avalikustada v\u00e4ga v\u00e4he informatsiooni, pole detailideni teada, mida Carrollile ette heidetakse. Teisip\u00e4evaks m\u00e4\u00e4ratud kohtuistungi p\u00f5hjal on aga n\u00fc\u00fcd selge, et ta on v\u00f5imude arvates rikkunud ahistamiskeelu kohustust.&#13;\n<\/p>\n<p>36-aastane Carroll v\u00f5eti vahi alla juba 27. aprillil Stanstedi lennujaamas, kui ta riiki saabus. L\u00fchikest aega vahi all olnud r\u00fcndaja p\u00e4\u00e4ses peagi kautsjoni vastu vabadusse ning meediasse j\u00f5udis lugu alles juulis. Tollal kirjutasid ajalehed siiski vaid &#8220;endisest Premier League&#8217;i t\u00e4htm\u00e4ngijast&#8221;, nimetamata Carrolli nime.&#13;\n<\/p>\n<p>Uue info p\u00f5hjal on Carroll t\u00f5en\u00e4oliselt rikkunud talle m\u00e4\u00e4ratud l\u00e4henemis- v\u00f5i suhtluskeeldu. Essexi politsei kinnitas, et tegu on t\u00f5epoolest Carrolliga ning v\u00e4idetav s\u00fc\u00fctegu leidis aset m\u00e4rtsis. Karistus l\u00e4henemiskeelu rikkumise eest v\u00f5ib piirduda rahatrahviga, aga l\u00f5ppeda halvemal juhul ka kuni viie aasta pikkuse vangistusega.<\/p>\n<p>Carroll tegi endale nime kasvatajaklubi Newcastle Unitedi s\u00e4rgis, kui l\u00f5i hooajal 2009-10 Inglismaa esiliigas 17 v\u00e4ravat. J\u00e4rgmist hooaega alustades pikakasvuline r\u00fcndaja k\u00f5rgliigas 11 tabamusega ning 2011. aasta jaanuari viimasel p\u00e4eval ehk napilt enne \u00fcleminekuakna sulgumist kolis ta 35 miljoni naela eest Liverpooli. Tegu oli toona suurima summaga, mis inglasest jalgpalluri eest makstud, k\u00f5igi aegade tabelis h\u00f5ivas \u00fcleminek k\u00f5rge kaheksanda koha.&#13;\n<\/p>\n<p>Liverpooli s\u00e4rgis veedetud aeg osutus Carrollile siiski eba\u00f5nnestunuks ning juba poolteist aastat hiljem esmalt laenati ja seej\u00e4rel m\u00fc\u00fcdi ta West Hamile. Sagedasi vigastusi trotsides sai Carroll Londoni klubi eest seitsme hooajaga k\u00f5igis sarjades kirja 142 m\u00e4ngu ja 34 v\u00e4ravat. P\u00e4rast seda naasis ta kaheks hooajaks Newcastle&#8217;isse ning on m\u00e4nginud veel Readingis ja West Bromwich Albionis, samuti Prantsusmaal Amiensi ja Bordeaux&#8217; ridades. Praegu kuulub ta Inglismaa tugevuselt kuuendas liigas pallivasse Dagenham &amp; Redbridge&#8217;i meeskonda.&#13;\n<\/p>\n<p>Inglismaa koondises deb\u00fcteeris Carroll 2010. aastal ning esindas kodumaad ka 2012. aasta EM-finaalturniiril, l\u00fc\u00fces seal 3:2 v\u00f5idum\u00e4ngus Rootsi vastu \u00fche oma kahest koondisev\u00e4ravast.&#13;\n<\/p>\n<p>Seadusega on ta aga pahuksis olnud varemgi, seda eesk\u00e4tt nooruses Newcastle&#8217;is elades. 2010. aastal karistati Carrolli kaks aastat varem toimunud \u00f6\u00f6klubikakluses osalemise eest. Samal aastal s\u00fc\u00fcdistati teda elukaaslase r\u00fcndamises, kuid uurimine l\u00f5petati t\u00f5endite puudumisele viidates. Samuti on Carroll l\u00f6\u00f6nud trennis puruks meeskonnakaaslase Steven Taylori l\u00f5ualuu ning saanud Inglismaa koondise peatreenerilt Fabio Capellolt avalikult noomida liigse alkoholitarbimise p\u00e4rast.<\/p>\n","protected":false},"excerpt":{"rendered":"&#13; Inglismaa koondise eest \u00fcheksa m\u00e4ngu pidanud ja kaks v\u00e4ravat l\u00f6\u00f6nud r\u00fcndaja Andy Carroll astub uuel n\u00e4dalal kohtu&hellip;\n","protected":false},"author":2,"featured_media":74316,"comment_status":"","ping_status":"","sticky":false,"template":"","format":"standard","meta":{"footnotes":""},"categories":[18],"tags":[37557,37564,37,33,35,34,36,1101,1752,807,1615,159,158],"class_list":{"0":"post-74315","1":"post","2":"type-post","3":"status-publish","4":"format-standard","5":"has-post-thumbnail","7":"category-sport","8":"tag-andy-carroll","9":"tag-carroll","10":"tag-ee","11":"tag-eesti","12":"tag-eesti-keel","13":"tag-estonia","14":"tag-estonian","15":"tag-inglismaa","16":"tag-kohus","17":"tag-liverpool","18":"tag-newcastle","19":"tag-sport","20":"tag-sports"},"share_on_mastodon":{"url":"https:\/\/pubeurope.com\/@ee\/115805415227200433","error":""},"_links":{"self":[{"href":"https:\/\/www.europesays.com\/ee\/wp-json\/wp\/v2\/posts\/74315","targetHints":{"allow":["GET"]}}],"collection":[{"href":"https:\/\/www.europesays.com\/ee\/wp-json\/wp\/v2\/posts"}],"about":[{"href":"https:\/\/www.europesays.com\/ee\/wp-json\/wp\/v2\/types\/post"}],"author":[{"embeddable":true,"href":"https:\/\/www.europesays.com\/ee\/wp-json\/wp\/v2\/users\/2"}],"replies":[{"embeddable":true,"href":"https:\/\/www.europesays.com\/ee\/wp-json\/wp\/v2\/comments?post=74315"}],"version-history":[{"count":0,"href":"https:\/\/www.europesays.com\/ee\/wp-json\/wp\/v2\/posts\/74315\/revisions"}],"wp:featuredmedia":[{"embeddable":true,"href":"https:\/\/www.europesays.com\/ee\/wp-json\/wp\/v2\/media\/74316"}],"wp:attachment":[{"href":"https:\/\/www.europesays.com\/ee\/wp-json\/wp\/v2\/media?parent=74315"}],"wp:term":[{"taxonomy":"category","embeddable":true,"href":"https:\/\/www.europesays.com\/ee\/wp-json\/wp\/v2\/categories?post=74315"},{"taxonomy":"post_tag","embeddable":true,"href":"https:\/\/www.europesays.com\/ee\/wp-json\/wp\/v2\/tags?post=74315"}],"curies":[{"name":"wp","href":"https:\/\/api.w.org\/{rel}","templated":true}]}}