{"id":74317,"date":"2025-12-29T23:19:09","date_gmt":"2025-12-29T23:19:09","guid":{"rendered":"https:\/\/www.europesays.com\/ee\/74317\/"},"modified":"2025-12-29T23:19:09","modified_gmt":"2025-12-29T23:19:09","slug":"aasta-viimane-nadal-algas-wall-streetil-punases","status":"publish","type":"post","link":"https:\/\/www.europesays.com\/ee\/74317\/","title":{"rendered":"Aasta viimane n\u00e4dal algas Wall Streetil punases"},"content":{"rendered":"<p>USA aktsiaturud alustasid aasta viimast kauplemisn\u00e4dalat langusega, kui tehnoloogiasektori n\u00f5rkus survestas peamisi indekseid ning v\u00e4\u00e4rismetallide hinnad langesid j\u00e4rsult. <\/p>\n<p><a href=\"https:\/\/static-img.aripaev.ee\/?type=preview&amp;uuid=51056ce4-1085-53c6-8645-e4cc46aaece4\" target=\"_blank\" rel=\"noopener noreferrer nofollow\" class=\"styles_article-image__holder__jEhZc\" style=\"aspect-ratio:1.5\"><img alt=\"Langust vedasid eelk\u00f5ige Nvidia ja Tesla aktsiad.\" draggable=\"false\" fetchpriority=\"high\" decoding=\"async\" data-nimg=\"fill\" style=\"position:absolute;height:100%;width:100%;left:0;top:0;right:0;bottom:0;color:transparent\"   src=\"https:\/\/www.europesays.com\/ee\/wp-content\/uploads\/2025\/12\/1767050349_969_.jpeg\"\/><\/a><\/p>\n<ul class=\"styles_article-image__meta__Voj9l\">\n<li>Langust vedasid eelk\u00f5ige Nvidia ja Tesla aktsiad.<\/li>\n<li>Foto: Reuters\/Scanpix<\/li>\n<\/ul>\n<p>Nasdaqi liitindeks langes 0,5%. Langust vedasid eelk\u00f5ige Nvidia aktsia, mis odavnes 1,21%, ning Tesla, mille aktsia kukkus 3,27%. Ka Oracle\u2019i aktsia taandus 1,32%. S&amp;P 500 indeks langes 0,35% ning Dow Jonesi t\u00f6\u00f6stusindeks 0,51%.<\/p>\n<p>See teema pakub huvi? Hakka neid m\u00e4rks\u00f5nu j\u00e4lgima ja saad alati teavituse, kui sel teemal ilmub midagi uut!<\/p>\n","protected":false},"excerpt":{"rendered":"USA aktsiaturud alustasid aasta viimast kauplemisn\u00e4dalat langusega, kui tehnoloogiasektori n\u00f5rkus survestas peamisi indekseid ning v\u00e4\u00e4rismetallide hinnad langesid j\u00e4rsult.&hellip;\n","protected":false},"author":2,"featured_media":68724,"comment_status":"","ping_status":"","sticky":false,"template":"","format":"standard","meta":{"footnotes":""},"categories":[14],"tags":[131,130,37,33,35,34,36],"class_list":{"0":"post-74317","1":"post","2":"type-post","3":"status-publish","4":"format-standard","5":"has-post-thumbnail","7":"category-ari","8":"tag-ari","9":"tag-business","10":"tag-ee","11":"tag-eesti","12":"tag-eesti-keel","13":"tag-estonia","14":"tag-estonian"},"share_on_mastodon":{"url":"https:\/\/pubeurope.com\/@ee\/115805419143476872","error":""},"_links":{"self":[{"href":"https:\/\/www.europesays.com\/ee\/wp-json\/wp\/v2\/posts\/74317","targetHints":{"allow":["GET"]}}],"collection":[{"href":"https:\/\/www.europesays.com\/ee\/wp-json\/wp\/v2\/posts"}],"about":[{"href":"https:\/\/www.europesays.com\/ee\/wp-json\/wp\/v2\/types\/post"}],"author":[{"embeddable":true,"href":"https:\/\/www.europesays.com\/ee\/wp-json\/wp\/v2\/users\/2"}],"replies":[{"embeddable":true,"href":"https:\/\/www.europesays.com\/ee\/wp-json\/wp\/v2\/comments?post=74317"}],"version-history":[{"count":0,"href":"https:\/\/www.europesays.com\/ee\/wp-json\/wp\/v2\/posts\/74317\/revisions"}],"wp:featuredmedia":[{"embeddable":true,"href":"https:\/\/www.europesays.com\/ee\/wp-json\/wp\/v2\/media\/68724"}],"wp:attachment":[{"href":"https:\/\/www.europesays.com\/ee\/wp-json\/wp\/v2\/media?parent=74317"}],"wp:term":[{"taxonomy":"category","embeddable":true,"href":"https:\/\/www.europesays.com\/ee\/wp-json\/wp\/v2\/categories?post=74317"},{"taxonomy":"post_tag","embeddable":true,"href":"https:\/\/www.europesays.com\/ee\/wp-json\/wp\/v2\/tags?post=74317"}],"curies":[{"name":"wp","href":"https:\/\/api.w.org\/{rel}","templated":true}]}}