{"id":74318,"date":"2025-12-29T23:22:42","date_gmt":"2025-12-29T23:22:42","guid":{"rendered":"https:\/\/www.europesays.com\/ee\/74318\/"},"modified":"2025-12-29T23:22:42","modified_gmt":"2025-12-29T23:22:42","slug":"sainzi-ja-sordo-jalgedes-kondiv-noor-rallitaht-olen-soidustiililt-rohkem-eestlane-postimees-sport","status":"publish","type":"post","link":"https:\/\/www.europesays.com\/ee\/74318\/","title":{"rendered":"Sainzi ja Sordo j\u00e4lgedes k\u00f5ndiv noor rallit\u00e4ht: olen s\u00f5idustiililt rohkem eestlane &#8211; Postimees Sport"},"content":{"rendered":"<ol>\n<li><a href=\"https:\/\/news.google.com\/rss\/articles\/CBMitwFBVV95cUxOV3BGS3B1a1l6RXVCQW0zYkltY09VNFY3MU9TcmxUS3BxODM3djJLN0JqSk1kNk5OMURVR0lGWnZIUkxWdllibEd6MDBuS3dBM0xUclplSXhCb0t5VWc4NE1MRVFNNktYVk90MU1UT0JKYlRFaVBEUU5oRGJkTk9TUTdkUzUwcEpxbHNoeDgxWVJFRDZLckt5ZVBIbF9PaTdJMHFnNHF3NTZxandtX2NWcEtFa0gwd0U?oc=5\" target=\"_blank\" rel=\"nofollow noopener\">Sainzi ja Sordo j\u00e4lgedes k\u00f5ndiv noor rallit\u00e4ht: olen s\u00f5idustiililt rohkem eestlane<\/a>&nbsp;&nbsp;Postimees Sport<\/li>\n<li><a href=\"https:\/\/news.google.com\/rss\/articles\/CBMif0FVX3lxTE1GV0VuZXVWM0ZPazNodjcwSjBYaFp3bW56SkdVcVBzMU5MaU5WX2JTdXk2OVF0N1pFWGh3T0JIQjM4bUE4ZjFxTzBKaktoaERSMDFIemZWUndzNnM0Y3ZUbmZNRlZYNnYxc2ttZmZ3WnFuZm41NEZqNTAxajFFeVU?oc=5\" target=\"_blank\" rel=\"nofollow noopener\">Ogier omistas T\u00e4nakule k\u00f5rgeima kiituse<\/a>&nbsp;&nbsp;Postimees Sport<\/li>\n<li><a href=\"https:\/\/news.google.com\/rss\/articles\/CBMiwwFBVV95cUxPX0lYVWdrSzlDb0o4ZTZ3U1B2LWM1VWdVWnVUZXQ1T2FOUXZCaUdiaWRxcjk5WG51cHdiUmdja0VBXzdPaEtYeTdxQ1ZCVmxDa3ZzTkFSb3U4TkdTSTdXRGlfT1VmeU5ORTZHSWJtSE1XQXBRNGJJUi0xcTNjMmJSS2t5RWNPTlI0M1JTaDRGOVhkQUFibUFqWUxfNjFhRkVRdVkxdVp4eDZBQW16S0VjOVlSbVJyRzJUMmg0SU1lTm9Uekk?oc=5\" target=\"_blank\" rel=\"nofollow noopener\">Ogier: v\u00f5ime k\u00f5ik n\u00f5ustuda, et T\u00e4naku lahkumine MM-sarjast on spordile t\u00f5siseks kaotuseks<\/a>&nbsp;&nbsp;\u00d5htuleht<\/li>\n<li><a href=\"https:\/\/news.google.com\/rss\/articles\/CBMiugFBVV95cUxNdG9hUUhCR2pkT3N1SUNtUmRzdDFiUjJrQXdjWmE3ZFhMdl8wTzBTUmlkdGczNXlCN1dVaDVhanpXYm1EZk1pUFRKTmtETkhLQ2dSNjFLellzVm10VmUyVkMycEt1M2pCX09GV1h6QTVjQzMxWTFQVlhNdWZXZlB3RlRoLWFNZUdEWXE4a1JZVFBBQ0p3RGM1NWVWX3F1MEwzT3U4Vko2QjE2aDRra3pXWFhTakdnay0tWVE?oc=5\" target=\"_blank\" rel=\"nofollow noopener\">Ogier kirjutas T\u00e4nakust aastal\u00f5pupostituse: surusid mind rohkem piirile kui keegi teine<\/a>&nbsp;&nbsp;ERR<\/li>\n<li><a href=\"https:\/\/news.google.com\/rss\/articles\/CBMi4wFBVV95cUxQT1NjdFB4WklZSS10RXpTQW9DYS1PaTBSazBjeEthNklRUFNEeE9SbHQ3ZEMzRnBWVjNOaFZyZ0xqQUEtSUxpalhVOHUxekNRYzJBcWNyU2NkaGNtS0VzQTI2ZEF1aWh4UlFCZlRLcHJpUWhlSkVoOUNsSEdxYzZ6dWZTQmFxOTRBTzB3Z29RdVM5amxQbUtPN1h0LVRBUkMyZ0dIU0ZKWnFOUVZVemJwOUUtLVVUVmxtbXRkVTM0MHIxbTlrbTVwM2ZTSnVMbGs2dmdWcGF0aTNIRWEyX0dhTkRpZw?oc=5\" target=\"_blank\" rel=\"nofollow noopener\">Ott T\u00e4nak kinnitas, et ei kahetse Toyotast lahkumist \u2013 vana v\u00f5itluskaaslane Oleg Gross arvab aga m\u00f5nev\u00f5rra teisiti<\/a>&nbsp;&nbsp;\u00d5htuleht<\/li>\n<\/ol>\n","protected":false},"excerpt":{"rendered":"Sainzi ja Sordo j\u00e4lgedes k\u00f5ndiv noor rallit\u00e4ht: olen s\u00f5idustiililt rohkem eestlane&nbsp;&nbsp;Postimees Sport Ogier omistas T\u00e4nakule k\u00f5rgeima kiituse&nbsp;&nbsp;Postimees Sport&hellip;\n","protected":false},"author":2,"featured_media":74319,"comment_status":"","ping_status":"","sticky":false,"template":"","format":"standard","meta":{"footnotes":""},"categories":[5],"tags":[1526,26,27,37,33,35,34,36,31,32,1517,21,172,1520,1513,28,29,1514,1518,1524,1515,19,1529,1530,1523,1519,25,1522,1525,1528,1527,159,1535,1534,1521,1532,1533,1230,1531,23,24,22,20,30,1516,1192],"class_list":{"0":"post-74318","1":"post","2":"type-post","3":"status-publish","4":"format-standard","5":"has-post-thumbnail","7":"category-uldised-uudised","8":"tag-autoralli","9":"tag-breaking-news","10":"tag-breakingnews","11":"tag-ee","12":"tag-eesti","13":"tag-eesti-keel","14":"tag-estonia","15":"tag-estonian","16":"tag-featured-news","17":"tag-featurednews","18":"tag-finaal","19":"tag-headlines","20":"tag-jalgpall","21":"tag-koondis","22":"tag-korvpall","23":"tag-latest-news","24":"tag-latestnews","25":"tag-liiga","26":"tag-mang","27":"tag-martin-jarveoja","28":"tag-medal","29":"tag-news","30":"tag-olumpia","31":"tag-olumpiamangud","32":"tag-ott-tanak","33":"tag-poks","34":"tag-populaarseimad-lood","35":"tag-postimees-sport","36":"tag-postimees-wrc","37":"tag-spordi-uudised","38":"tag-spordiuudised","39":"tag-sport","40":"tag-suveolumpia","41":"tag-suveolumpiamangud","42":"tag-tiitel","43":"tag-tokio","44":"tag-tokio2020","45":"tag-tokyo","46":"tag-tokyo2020","47":"tag-top-stories","48":"tag-topstories","49":"tag-uldised-uudised","50":"tag-uudised","51":"tag-viimased-uudised","52":"tag-voistlus","53":"tag-wrc"},"share_on_mastodon":{"url":"","error":"Validation failed: Text character limit of 500 exceeded"},"_links":{"self":[{"href":"https:\/\/www.europesays.com\/ee\/wp-json\/wp\/v2\/posts\/74318","targetHints":{"allow":["GET"]}}],"collection":[{"href":"https:\/\/www.europesays.com\/ee\/wp-json\/wp\/v2\/posts"}],"about":[{"href":"https:\/\/www.europesays.com\/ee\/wp-json\/wp\/v2\/types\/post"}],"author":[{"embeddable":true,"href":"https:\/\/www.europesays.com\/ee\/wp-json\/wp\/v2\/users\/2"}],"replies":[{"embeddable":true,"href":"https:\/\/www.europesays.com\/ee\/wp-json\/wp\/v2\/comments?post=74318"}],"version-history":[{"count":0,"href":"https:\/\/www.europesays.com\/ee\/wp-json\/wp\/v2\/posts\/74318\/revisions"}],"wp:featuredmedia":[{"embeddable":true,"href":"https:\/\/www.europesays.com\/ee\/wp-json\/wp\/v2\/media\/74319"}],"wp:attachment":[{"href":"https:\/\/www.europesays.com\/ee\/wp-json\/wp\/v2\/media?parent=74318"}],"wp:term":[{"taxonomy":"category","embeddable":true,"href":"https:\/\/www.europesays.com\/ee\/wp-json\/wp\/v2\/categories?post=74318"},{"taxonomy":"post_tag","embeddable":true,"href":"https:\/\/www.europesays.com\/ee\/wp-json\/wp\/v2\/tags?post=74318"}],"curies":[{"name":"wp","href":"https:\/\/api.w.org\/{rel}","templated":true}]}}