{"id":74324,"date":"2025-12-29T23:33:12","date_gmt":"2025-12-29T23:33:12","guid":{"rendered":"https:\/\/www.europesays.com\/ee\/74324\/"},"modified":"2025-12-29T23:33:12","modified_gmt":"2025-12-29T23:33:12","slug":"teisipaeval-on-oodata-tuisku-ja-rohket-lumesadu-ilm","status":"publish","type":"post","link":"https:\/\/www.europesays.com\/ee\/74324\/","title":{"rendered":"Teisip\u00e4eval on oodata tuisku ja rohket lumesadu | ilm"},"content":{"rendered":"<p>Teisip\u00e4eval on Eestis oodata lumist ilma koos tuisu ja tugeva tuulega.<\/p>\n<p>\u00d6\u00f6sel sajab mitmel pool lund ja on tuisku, saartel sajab ka l\u00f6rtsi. Loode- ja p\u00f5hjatuul puhub 4 kuni 10, saartel ja rannikul 10 kuni 16, iiliti 25 meetrit sekundis. K\u00fclma on 2 kuni 8 kraadi, saarte rannikul v\u00f5ib olla kuni 1 kraad sooja.<\/p>\n<p>Hommik on pilves selgimistega ja mitmel pool sajab hooti lund. Puhub valdavalt p\u00f5hjatuul 4 kuni 10, puhanguti 14, saartel ja rannikul 9 kuni 14, puhanguti 25 meetrit sekundis. \u00d5hutemperatuur j\u00e4\u00e4b vahemikku -7 kuni +1 kraad.<\/p>\n<p>P\u00e4eval tuiskab ja sajab lund. Puhub valdavalt p\u00f5hja- ja loodetuul 5 kuni 11, saartel ja rannikul 10 kuni 16, iiliti 25 meetrit sekundis. K\u00fclma on 1 kuni 5 kraadi, rannikul sooja kuni 1 kraad.<\/p>\n<p>Aasta viimasel p\u00e4eval lumesajud j\u00e4tkuvad. Tuiskab ja tihedamalt sajab just Ida-Eestis. \u00d6\u00f6sel on k\u00fclma kuni 9, saartel kuni 1 kraad, p\u00e4eval 1 kuni 7 kraadi. Ja aastavahetuse \u00f6\u00f6 tuleb kr\u00f5be \u2013 ilmaprognoos lubab 8 kuni 13 kraadi k\u00fclma, kohati lausa -17 kraadi, samas rannikul v\u00f5ib olla kohati kuni -3 kraadi.<\/p>\n<p>1. jaanuari p\u00e4eval on -7 kuni -13, saartel ja l\u00e4\u00e4nerannikul -1 kuni -6 kraadi. \u00d6\u00f6sel ja p\u00e4eval sajab kohati lund, ning \u00f5htul j\u00f5uab saartele lumesadu, mis levib tuisates edasi itta.<\/p>\n","protected":false},"excerpt":{"rendered":"Teisip\u00e4eval on Eestis oodata lumist ilma koos tuisu ja tugeva tuulega. \u00d6\u00f6sel sajab mitmel pool lund ja on&hellip;\n","protected":false},"author":2,"featured_media":43242,"comment_status":"","ping_status":"","sticky":false,"template":"","format":"standard","meta":{"footnotes":""},"categories":[5],"tags":[26,27,37,33,35,34,36,31,32,21,668,28,29,19,25,23,24,22,20,30],"class_list":{"0":"post-74324","1":"post","2":"type-post","3":"status-publish","4":"format-standard","5":"has-post-thumbnail","7":"category-uldised-uudised","8":"tag-breaking-news","9":"tag-breakingnews","10":"tag-ee","11":"tag-eesti","12":"tag-eesti-keel","13":"tag-estonia","14":"tag-estonian","15":"tag-featured-news","16":"tag-featurednews","17":"tag-headlines","18":"tag-ilm","19":"tag-latest-news","20":"tag-latestnews","21":"tag-news","22":"tag-populaarseimad-lood","23":"tag-top-stories","24":"tag-topstories","25":"tag-uldised-uudised","26":"tag-uudised","27":"tag-viimased-uudised"},"share_on_mastodon":{"url":"https:\/\/pubeurope.com\/@ee\/115805474223670737","error":""},"_links":{"self":[{"href":"https:\/\/www.europesays.com\/ee\/wp-json\/wp\/v2\/posts\/74324","targetHints":{"allow":["GET"]}}],"collection":[{"href":"https:\/\/www.europesays.com\/ee\/wp-json\/wp\/v2\/posts"}],"about":[{"href":"https:\/\/www.europesays.com\/ee\/wp-json\/wp\/v2\/types\/post"}],"author":[{"embeddable":true,"href":"https:\/\/www.europesays.com\/ee\/wp-json\/wp\/v2\/users\/2"}],"replies":[{"embeddable":true,"href":"https:\/\/www.europesays.com\/ee\/wp-json\/wp\/v2\/comments?post=74324"}],"version-history":[{"count":0,"href":"https:\/\/www.europesays.com\/ee\/wp-json\/wp\/v2\/posts\/74324\/revisions"}],"wp:featuredmedia":[{"embeddable":true,"href":"https:\/\/www.europesays.com\/ee\/wp-json\/wp\/v2\/media\/43242"}],"wp:attachment":[{"href":"https:\/\/www.europesays.com\/ee\/wp-json\/wp\/v2\/media?parent=74324"}],"wp:term":[{"taxonomy":"category","embeddable":true,"href":"https:\/\/www.europesays.com\/ee\/wp-json\/wp\/v2\/categories?post=74324"},{"taxonomy":"post_tag","embeddable":true,"href":"https:\/\/www.europesays.com\/ee\/wp-json\/wp\/v2\/tags?post=74324"}],"curies":[{"name":"wp","href":"https:\/\/api.w.org\/{rel}","templated":true}]}}