{"id":74326,"date":"2025-12-29T23:43:08","date_gmt":"2025-12-29T23:43:08","guid":{"rendered":"https:\/\/www.europesays.com\/ee\/74326\/"},"modified":"2025-12-29T23:43:08","modified_gmt":"2025-12-29T23:43:08","slug":"johannese-nimeline-torm-loppes-jargmine-juba-algas-postimees","status":"publish","type":"post","link":"https:\/\/www.europesays.com\/ee\/74326\/","title":{"rendered":"Johannese-nimeline torm l\u00f5ppes, j\u00e4rgmine juba algas &#8211; Postimees"},"content":{"rendered":"<ol>\n<li><a href=\"https:\/\/news.google.com\/rss\/articles\/CBMiiwFBVV95cUxQbHRUTWZ1Zk1oVDB3NGlwYzV4NlpLSTRnSmFSa3VFbE9zSV95X0JpSEdnMk9YUkFnMjFwRnNTbzVnd2tVUkRyaVBva01wRk5YRnJtSHJLS3NjaWp4U05xaUxCZlZjZkZrNEswdERYMzM1WTJ4R1VXbVVSVkdBRW9tdGd0ZnlZOFRpMURz?oc=5\" target=\"_blank\" rel=\"nofollow noopener\">Johannese-nimeline torm l\u00f5ppes, j\u00e4rgmine juba algas<\/a>&nbsp;&nbsp;Postimees<\/li>\n<li><a href=\"https:\/\/news.google.com\/rss\/articles\/CBMib0FVX3lxTE15WXYxM0Q0amw3YzYyUjZpN2VXVTBhMVJ0akpnbHh2dWJhX0ZoQWZDdmd3V3RJZkdrS0d3bTN0d3lUbWE2S3F1ODRUa09aT0FzekRZOGRudmRQMU9UZmh6Z3hacjZBTTRaNXlURkxpOA?oc=5\" target=\"_blank\" rel=\"nofollow noopener\">Mida teha tormiks valmistumisel?<\/a>&nbsp;&nbsp;Raplamaa S\u00f5numid<\/li>\n<li><a href=\"https:\/\/news.google.com\/rss\/articles\/CBMihAFBVV95cUxNby1EUGxHRk13cUhpOHBVT2FqdXBZY2ZaZHUwaHRwelFNbXJGUWU4MGhxc1lNRUdPUTNkdzFETEhfM1NUVHlOeGlkTTJPVUxYcklEbmN1OFFwbGNoQWNNcktSRUNLZlhBNVZlODZ5OWpVTjZhdThlM0x3N1lMcXRFMlE3eWE?oc=5\" target=\"_blank\" rel=\"nofollow noopener\">P\u00e4\u00e4steamet on saanud tormi t\u00f5ttu 514 v\u00e4ljakutset<\/a>&nbsp;&nbsp;ERR<\/li>\n<li><a href=\"https:\/\/news.google.com\/rss\/articles\/CBMiqwFBVV95cUxNUE5pRmlUaW9uRDFFeUtXc003dzk4UERGZngtN2Jyb0JQazA1OTc3U0hQeDREUWlQYlpUM1l1R3FVY0k1RndOU0dyeEluOFJPYjRUUzRuUGIySjQ0VXM3YmxJZGhpd2hSOUszcTA3UU9xemRjZWJrcVJ0VXIteHlqSXF5VE1QTHM1YWs4ZVdwVExyRmZDTHF0LVNpUGkxVHR5VEVsc0Y5Q0tFeU0?oc=5\" target=\"_blank\" rel=\"nofollow noopener\">TORMINE N\u00c4DALAVAHETUS | Laevareisid t\u00fchistatud, vooluta 446 majapidamist, tuul rebis kortermajalt katuse<\/a>&nbsp;&nbsp;Hiiu Leht<\/li>\n<li><a href=\"https:\/\/news.google.com\/rss\/articles\/CBMigAFBVV95cUxPWng1bHdsaVcxUURJUHdOYzEzQkVrNTdkc3VGcS1DNHRXUHBySWROTFIzQTRNMEFmRjE5dHNNdXRXdHdIR09JVGJsbUloM1VmNTdTZ19jY3c2R3dQMVlTTzNFbzM2VVU1N2RGeHNWUmV3djRmSXdnRGZ4RWF1cjhhZA?oc=5\" target=\"_blank\" rel=\"nofollow noopener\">OLULINE! Keskkonnaamet v\u00e4ljastas k\u00f5rgema tormi hoiatuse<\/a>&nbsp;&nbsp;MinuAeg |<\/li>\n<\/ol>\n","protected":false},"excerpt":{"rendered":"Johannese-nimeline torm l\u00f5ppes, j\u00e4rgmine juba algas&nbsp;&nbsp;Postimees Mida teha tormiks valmistumisel?&nbsp;&nbsp;Raplamaa S\u00f5numid P\u00e4\u00e4steamet on saanud tormi t\u00f5ttu 514 v\u00e4ljakutset&nbsp;&nbsp;ERR&hellip;\n","protected":false},"author":2,"featured_media":74327,"comment_status":"","ping_status":"","sticky":false,"template":"","format":"standard","meta":{"footnotes":""},"categories":[12],"tags":[26,27,37577,37,33,35,37581,34,36,31,32,21,37579,37582,28,29,19,37580,25,23,24,37578,22,20,30],"class_list":{"0":"post-74326","1":"post","2":"type-post","3":"status-publish","4":"format-standard","5":"has-post-thumbnail","7":"category-eesti","8":"tag-breaking-news","9":"tag-breakingnews","10":"tag-detsembritorm","11":"tag-ee","12":"tag-eesti","13":"tag-eesti-keel","14":"tag-elektrilevi-kommunikatsiooni-ja-turundusjuht-kristi-reiland","15":"tag-estonia","16":"tag-estonian","17":"tag-featured-news","18":"tag-featurednews","19":"tag-headlines","20":"tag-hiiumaa-abivallavanem-liisi-maeumbaed","21":"tag-keskkonnaagentuuri-juhtivsunoptik-taimi-paljak","22":"tag-latest-news","23":"tag-latestnews","24":"tag-news","25":"tag-paasteameti-ohuteavituse-ja-kommunikatsiooniosakonna-nounik-berit-helena-lamp","26":"tag-populaarseimad-lood","27":"tag-top-stories","28":"tag-topstories","29":"tag-torm-johannes","30":"tag-uldised-uudised","31":"tag-uudised","32":"tag-viimased-uudised"},"share_on_mastodon":{"url":"","error":"Validation failed: Text character limit of 500 exceeded"},"_links":{"self":[{"href":"https:\/\/www.europesays.com\/ee\/wp-json\/wp\/v2\/posts\/74326","targetHints":{"allow":["GET"]}}],"collection":[{"href":"https:\/\/www.europesays.com\/ee\/wp-json\/wp\/v2\/posts"}],"about":[{"href":"https:\/\/www.europesays.com\/ee\/wp-json\/wp\/v2\/types\/post"}],"author":[{"embeddable":true,"href":"https:\/\/www.europesays.com\/ee\/wp-json\/wp\/v2\/users\/2"}],"replies":[{"embeddable":true,"href":"https:\/\/www.europesays.com\/ee\/wp-json\/wp\/v2\/comments?post=74326"}],"version-history":[{"count":0,"href":"https:\/\/www.europesays.com\/ee\/wp-json\/wp\/v2\/posts\/74326\/revisions"}],"wp:featuredmedia":[{"embeddable":true,"href":"https:\/\/www.europesays.com\/ee\/wp-json\/wp\/v2\/media\/74327"}],"wp:attachment":[{"href":"https:\/\/www.europesays.com\/ee\/wp-json\/wp\/v2\/media?parent=74326"}],"wp:term":[{"taxonomy":"category","embeddable":true,"href":"https:\/\/www.europesays.com\/ee\/wp-json\/wp\/v2\/categories?post=74326"},{"taxonomy":"post_tag","embeddable":true,"href":"https:\/\/www.europesays.com\/ee\/wp-json\/wp\/v2\/tags?post=74326"}],"curies":[{"name":"wp","href":"https:\/\/api.w.org\/{rel}","templated":true}]}}