{"id":74360,"date":"2025-12-30T02:59:17","date_gmt":"2025-12-30T02:59:17","guid":{"rendered":"https:\/\/www.europesays.com\/ee\/74360\/"},"modified":"2025-12-30T02:59:17","modified_gmt":"2025-12-30T02:59:17","slug":"aasta-meesparasportlase-tiitli-palvis-tanel-visnap-kergejoustik","status":"publish","type":"post","link":"https:\/\/www.europesays.com\/ee\/74360\/","title":{"rendered":"Aasta meesparasportlase tiitli p\u00e4lvis Tanel Visnap | Kergej\u00f5ustik"},"content":{"rendered":"<p>&#8220;Spordiaasta t\u00e4hed 2025&#8221; galal nimetati aasta meesparasportlaseks kergej\u00f5ustiklane Tanel Visnap.<\/p>\n<p>33-aastane Visnap v\u00f5itis t\u00e4navu kurtide suveol\u00fcmpiam\u00e4ngudel kolm kuldmedalit \u2013 100 m ja 200 m jooksus ning kaugush\u00fcppes. Seejuures 100 m jooksus p\u00fcstitas ta m\u00e4ngude rekordi.<\/p>\n<p>&#8220;Vabandan abikaasa ees, sest lubasin teha l\u00fchikese ja p\u00e4he \u00f5pitud k\u00f5ne, aga kui vaatasin TV 10 ol\u00fcmpiastardi klippi, siis tahtsin ka sel teemal s\u00f5na sekka \u00f6elda: olen ehe n\u00e4ide sellest, et noorena ma polnud andekas, tulin 60 meetris 56. kohale ja j\u00e4in parimast maha pooleteist sekundiga,&#8221; meenutas Visnap auhinda vastu v\u00f5ttes.<\/p>\n<p>&#8220;\u00dclikooli minnes l\u00f5petasin viieks aastaks spordi tegemise, tagasi tulin 24-aastaselt ja tahtsin lihtsalt natuke liikuda. Isegi 14-aastased t\u00fcdrukud olid minust kiiremad, aga n\u00fc\u00fcd, kaheksa aastat hiljem, olen Eesti k\u00f5igi aegade edetabelis \u00fcheksas mees. See on minu jaoks m\u00fcstiline!&#8221; lisas Visnap.<\/p>\n<p>Lisaks Visnapile olid nominendid veel ratastoolikurlingum\u00e4ngija Ain Villau ja paraujuja Matz Topkin. Aasta meesparasportlane selgus esimest korda rahva, spordiajakirjanike ja spordiorganisatsioonide h\u00e4\u00e4letustulemuste liitmisel.<\/p>\n","protected":false},"excerpt":{"rendered":"&#8220;Spordiaasta t\u00e4hed 2025&#8221; galal nimetati aasta meesparasportlaseks kergej\u00f5ustiklane Tanel Visnap. 33-aastane Visnap v\u00f5itis t\u00e4navu kurtide suveol\u00fcmpiam\u00e4ngudel kolm kuldmedalit&hellip;\n","protected":false},"author":2,"featured_media":74361,"comment_status":"","ping_status":"","sticky":false,"template":"","format":"standard","meta":{"footnotes":""},"categories":[18],"tags":[37,33,35,34,36,36453,32807,159,158,17998],"class_list":{"0":"post-74360","1":"post","2":"type-post","3":"status-publish","4":"format-standard","5":"has-post-thumbnail","7":"category-sport","8":"tag-ee","9":"tag-eesti","10":"tag-eesti-keel","11":"tag-estonia","12":"tag-estonian","13":"tag-spordiaasta-tahed","14":"tag-spordiaasta-tahed-2025","15":"tag-sport","16":"tag-sports","17":"tag-tanel-visnap"},"share_on_mastodon":{"url":"https:\/\/pubeurope.com\/@ee\/115806284194894188","error":""},"_links":{"self":[{"href":"https:\/\/www.europesays.com\/ee\/wp-json\/wp\/v2\/posts\/74360","targetHints":{"allow":["GET"]}}],"collection":[{"href":"https:\/\/www.europesays.com\/ee\/wp-json\/wp\/v2\/posts"}],"about":[{"href":"https:\/\/www.europesays.com\/ee\/wp-json\/wp\/v2\/types\/post"}],"author":[{"embeddable":true,"href":"https:\/\/www.europesays.com\/ee\/wp-json\/wp\/v2\/users\/2"}],"replies":[{"embeddable":true,"href":"https:\/\/www.europesays.com\/ee\/wp-json\/wp\/v2\/comments?post=74360"}],"version-history":[{"count":0,"href":"https:\/\/www.europesays.com\/ee\/wp-json\/wp\/v2\/posts\/74360\/revisions"}],"wp:featuredmedia":[{"embeddable":true,"href":"https:\/\/www.europesays.com\/ee\/wp-json\/wp\/v2\/media\/74361"}],"wp:attachment":[{"href":"https:\/\/www.europesays.com\/ee\/wp-json\/wp\/v2\/media?parent=74360"}],"wp:term":[{"taxonomy":"category","embeddable":true,"href":"https:\/\/www.europesays.com\/ee\/wp-json\/wp\/v2\/categories?post=74360"},{"taxonomy":"post_tag","embeddable":true,"href":"https:\/\/www.europesays.com\/ee\/wp-json\/wp\/v2\/tags?post=74360"}],"curies":[{"name":"wp","href":"https:\/\/api.w.org\/{rel}","templated":true}]}}