{"id":74370,"date":"2025-12-30T03:44:09","date_gmt":"2025-12-30T03:44:09","guid":{"rendered":"https:\/\/www.europesays.com\/ee\/74370\/"},"modified":"2025-12-30T03:44:09","modified_gmt":"2025-12-30T03:44:09","slug":"aasta-algul-avaneb-rahvusvaheliste-konverentside-toetuse-taotlusvoor","status":"publish","type":"post","link":"https:\/\/www.europesays.com\/ee\/74370\/","title":{"rendered":"Aasta algul avaneb rahvusvaheliste konverentside toetuse taotlusvoor"},"content":{"rendered":"<p>\n                        Ettev\u00f5tluse ja Innovatsiooni Sihtasutus (EIS) avab 5. jaanuaril rahvusvaheliste konverentside toetuse taotlusvooru, mille eelarve on 2026. aastaks 400 000 eurot.<\/p>\n<p>Riiklikku tuge saavad suurima majandusliku m\u00f5juga rahvusvahelised konverentsid, kokku j\u00e4tkub vahendeid 13-14 konverentsi toetamiseks.<\/p>\n<p>Toetust saab taotleda v\u00e4hemalt kahep\u00e4evastele rahvusvahelistele konverentsidele<\/p>\n<p>EIS toetab rahvusvaheliste konverentside korraldamist Eestis ja nende turundamist v\u00e4listurul, et kasvatada Eestisse saabuvate k\u00f5rgema maksev\u00f5imega v\u00e4lisk\u00fclastajate hulka ning suurendada Eesti tuntust v\u00e4listurgudel. \u201eKonverentside v\u00e4lisdelegaat toob uuringute j\u00e4rgi Eestisse ligikaudu 1000 eurot, mis on kolm korda rohkem puhkuseturisti kulutatud keskmisest. Samuti m\u00f5jutab konverentsil saadud mulje meie riigist k\u00fclastajaid puhkusereisile naasma ning v\u00f5tma kaasa ka s\u00f5pru ja peret,\u201c \u00fctles EISi turismi fookusvaldkonna juht Orvika Reilend.<\/p>\n<p>Toetust saab taotleda teaduslikele, eri- v\u00f5i huvialastele rahvusvahelistele konverentsidele, mis h\u00f5lmavad ettekandeid ja arutelusid, samuti riikide, organisatsioonide v\u00f5i ametkondade esindajate rahvusvahelistele kokkusaamistele. Konverentsiks ei loeta koolitusi, \u00f5ppereise, v\u00f5istlusi, messe, t\u00f6\u00f6koosolekuid, infop\u00e4evi ega n\u00e4itusi.<\/p>\n<p>Toetuse saamise eelduseks on, et konverentsi programm kestab v\u00e4hemalt kaks j\u00e4rjestikust p\u00e4eva. Tallinnas toimuval konverentsil peab osalema v\u00e4hemalt 200 v\u00e4lisosalejat, mujal Eestis v\u00e4hemalt 100. Erinevad l\u00e4vendid on seatud selleks, et soodustada rahvusvaheliste konverentside toomist ka v\u00e4ljapoole pealinna. Konverentsi tuleb turundada v\u00e4hemalt kahel v\u00e4listurul ning pakkuda seejuures infot ka Eesti turismiv\u00f5imaluste kohta.\u00a0<\/p>\n<p>Taotlusvoor on avatud 9. veebruarini. Taotlus peaks olema esitatud v\u00e4hemalt neli kuud enne konverentsi toimumist, et oleks piisavalt aega konverentsi ettevalmistuseks ja ka turunduseks. \u201eSeega saab taotlema tulla k\u00f5ige varem 2026. aasta maikuus toimuvatele konventside korraldamiseks, mis eeldab taotluse esitamist vooru avamise esimestel p\u00e4evadel. Ennek\u00f5ike ootame vooru aga 2026. aasta teisel poolel ja ka 2027. aastal toimuvaid konverentse, et pakkuda korraldajatele kindlust rahastuse planeerimisel,\u201c t\u00e4psustas Reilend.<\/p>\n<p>Taotlusvooru tingimusi tutvustav infotund toimub 7. jaanuaril, infotunni ja toetuse kohta t\u00e4psemalt EISi veebilehel.<\/p>\n","protected":false},"excerpt":{"rendered":"Ettev\u00f5tluse ja Innovatsiooni Sihtasutus (EIS) avab 5. jaanuaril rahvusvaheliste konverentside toetuse taotlusvooru, mille eelarve on 2026. aastaks 400&hellip;\n","protected":false},"author":2,"featured_media":74371,"comment_status":"","ping_status":"","sticky":false,"template":"","format":"standard","meta":{"footnotes":""},"categories":[14],"tags":[131,130,37,33,35,5764,34,36,10941,3103],"class_list":{"0":"post-74370","1":"post","2":"type-post","3":"status-publish","4":"format-standard","5":"has-post-thumbnail","7":"category-ari","8":"tag-ari","9":"tag-business","10":"tag-ee","11":"tag-eesti","12":"tag-eesti-keel","13":"tag-eis","14":"tag-estonia","15":"tag-estonian","16":"tag-konverentsid","17":"tag-toetused"},"share_on_mastodon":{"url":"https:\/\/pubeurope.com\/@ee\/115806461109172949","error":""},"_links":{"self":[{"href":"https:\/\/www.europesays.com\/ee\/wp-json\/wp\/v2\/posts\/74370","targetHints":{"allow":["GET"]}}],"collection":[{"href":"https:\/\/www.europesays.com\/ee\/wp-json\/wp\/v2\/posts"}],"about":[{"href":"https:\/\/www.europesays.com\/ee\/wp-json\/wp\/v2\/types\/post"}],"author":[{"embeddable":true,"href":"https:\/\/www.europesays.com\/ee\/wp-json\/wp\/v2\/users\/2"}],"replies":[{"embeddable":true,"href":"https:\/\/www.europesays.com\/ee\/wp-json\/wp\/v2\/comments?post=74370"}],"version-history":[{"count":0,"href":"https:\/\/www.europesays.com\/ee\/wp-json\/wp\/v2\/posts\/74370\/revisions"}],"wp:featuredmedia":[{"embeddable":true,"href":"https:\/\/www.europesays.com\/ee\/wp-json\/wp\/v2\/media\/74371"}],"wp:attachment":[{"href":"https:\/\/www.europesays.com\/ee\/wp-json\/wp\/v2\/media?parent=74370"}],"wp:term":[{"taxonomy":"category","embeddable":true,"href":"https:\/\/www.europesays.com\/ee\/wp-json\/wp\/v2\/categories?post=74370"},{"taxonomy":"post_tag","embeddable":true,"href":"https:\/\/www.europesays.com\/ee\/wp-json\/wp\/v2\/tags?post=74370"}],"curies":[{"name":"wp","href":"https:\/\/api.w.org\/{rel}","templated":true}]}}