{"id":74868,"date":"2025-12-30T17:19:07","date_gmt":"2025-12-30T17:19:07","guid":{"rendered":"https:\/\/www.europesays.com\/ee\/74868\/"},"modified":"2025-12-30T17:19:07","modified_gmt":"2025-12-30T17:19:07","slug":"pokk-hiilgas-poolas-sepp-tegi-ookeani-taga-mitmekulgse-esituse-korvpall","status":"publish","type":"post","link":"https:\/\/www.europesays.com\/ee\/74868\/","title":{"rendered":"Pokk hiilgas Poolas, Sepp tegi ookeani taga mitmek\u00fclgse esituse | Korvpall"},"content":{"rendered":"<p>Euroopas m\u00e4ngivatel Eesti naiskorvpalluritel on osadel k\u00e4imas j\u00f5ulup\u00fchade ja aastavahetuse aegne m\u00e4nguvaba periood, aga m\u00f5ned meie naised k\u00e4isid m\u00f6\u00f6dunud n\u00e4dalal ka v\u00e4ljakul. Silmapaistva esituse tegi rahvuskoondise pikaaegne kapten Mailis Pokk, kes kerkis Poola k\u00f5rgliigas v\u00f5idum\u00e4ngus oma naiskonna resultatiivseimaks.<\/p>\n<p>Pokk\u00a0ja tema naiskond Bydgoszcz (5-7) teenisid l\u00f5ppenud n\u00e4dalal tabelisse juurde v\u00f5idu, kui kodusaalis m\u00e4ngiti tulemusega 81:66 \u00fcle Gdynia (6-6) naiskond. Eestlanna viibis platsil 28 minutit ning sai selle ajaga oma naiskonna parimana kirja 20 punkti (kahesed 3\/4, kolmesed 4\/6, vabavisked 2\/2), viis lauapalli, kolm resultatiivset s\u00f6\u00f6tu, kaks pallikaotust ja kaks isiklikku viga, vahendab <a href=\"https:\/\/www.basket.ee\/et\/uudised?news_id=13117\" target=\"_blank\" rel=\"noopener nofollow\">Basket.ee<\/a>.<\/p>\n<p>Liigatabelis on Bydgoszcz (5-7) 12 naiskonna hulgas endiselt \u00fcheksandal positsioonil.<\/p>\n<p>Portugali k\u00f5rgliigas pidid\u00a0Sofia Kosareva\u00a0ja Esgueira Aveiro (6-7) l\u00f5ppenud n\u00e4dalal tunnistama kaotust, kui numbritega 72:83 j\u00e4\u00e4di v\u00f5\u00f5rsil alla tabeliliidrile Quinta dos Lombosele (13-0).<\/p>\n<p>Eesti koondislasest tagam\u00e4ngija teenis m\u00e4nguaega 20 minutit ning kogus kuus punkti (kahesed 0\/2, kolmesed 1\/6, vabavisked 3\/3), neli pallikaotust ja kaks isiklikku viga. Liigatabelis on Esgueira Aveiro (6-7) hetkel 12 tiimi hulgas jagamas kuuendat-seitsmendat positsiooni.<\/p>\n<p>USA \u00fcli\u00f5pilasliigas NCAA katkestasid Washington State Cougars (2-12) ja\u00a0Keandra Koorits kuuem\u00e4ngulise kaotusteseeria, kui alistasid tulemusega 66:63 Pepperdine&#8217;i (9-4). Eestlanna kogus kolme m\u00e4nguminutiga kaks punkti (kahesed 1\/2), \u00fche viskeblokeeringu ja kaks isiklikku viga.<\/p>\n<p>Morehead State (5-8) ja\u00a0Marie Anette Sepp\u00a0teenisid l\u00f5ppenud n\u00e4dalal kerge v\u00f5idu, kui KCU nimeline naiskond alistati numbritega 115:36.\u00a0Eestlanna sai 25 minutiga kirja 13 punkti (kahesed 3\/3, kolmesed 2\/5, vabavisked 1\/2), \u00fcheksa lauapalli, neli resultatiivset s\u00f6\u00f6tu, kolm vaheltl\u00f5iget, \u00fche pallikaotuse ja kaks isiklikku viga.<\/p>\n","protected":false},"excerpt":{"rendered":"Euroopas m\u00e4ngivatel Eesti naiskorvpalluritel on osadel k\u00e4imas j\u00f5ulup\u00fchade ja aastavahetuse aegne m\u00e4nguvaba periood, aga m\u00f5ned meie naised k\u00e4isid&hellip;\n","protected":false},"author":2,"featured_media":74869,"comment_status":"","ping_status":"","sticky":false,"template":"","format":"standard","meta":{"footnotes":"","_share_on_mastodon":"0"},"categories":[18],"tags":[37,33,35,34,36,22126,11301,22125,8911,159,158],"class_list":["post-74868","post","type-post","status-publish","format-standard","has-post-thumbnail","category-sport","tag-ee","tag-eesti","tag-eesti-keel","tag-estonia","tag-estonian","tag-keandra-koorits","tag-mailis-pokk","tag-marie-anette-sepp","tag-sofia-kosareva","tag-sport","tag-sports"],"share_on_mastodon":{"url":"https:\/\/pubeurope.com\/@ee\/115809665918630789","error":""},"_links":{"self":[{"href":"https:\/\/www.europesays.com\/ee\/wp-json\/wp\/v2\/posts\/74868","targetHints":{"allow":["GET"]}}],"collection":[{"href":"https:\/\/www.europesays.com\/ee\/wp-json\/wp\/v2\/posts"}],"about":[{"href":"https:\/\/www.europesays.com\/ee\/wp-json\/wp\/v2\/types\/post"}],"author":[{"embeddable":true,"href":"https:\/\/www.europesays.com\/ee\/wp-json\/wp\/v2\/users\/2"}],"replies":[{"embeddable":true,"href":"https:\/\/www.europesays.com\/ee\/wp-json\/wp\/v2\/comments?post=74868"}],"version-history":[{"count":0,"href":"https:\/\/www.europesays.com\/ee\/wp-json\/wp\/v2\/posts\/74868\/revisions"}],"wp:featuredmedia":[{"embeddable":true,"href":"https:\/\/www.europesays.com\/ee\/wp-json\/wp\/v2\/media\/74869"}],"wp:attachment":[{"href":"https:\/\/www.europesays.com\/ee\/wp-json\/wp\/v2\/media?parent=74868"}],"wp:term":[{"taxonomy":"category","embeddable":true,"href":"https:\/\/www.europesays.com\/ee\/wp-json\/wp\/v2\/categories?post=74868"},{"taxonomy":"post_tag","embeddable":true,"href":"https:\/\/www.europesays.com\/ee\/wp-json\/wp\/v2\/tags?post=74868"}],"curies":[{"name":"wp","href":"https:\/\/api.w.org\/{rel}","templated":true}]}}