{"id":74883,"date":"2025-12-30T17:44:24","date_gmt":"2025-12-30T17:44:24","guid":{"rendered":"https:\/\/www.europesays.com\/ee\/74883\/"},"modified":"2025-12-30T17:44:24","modified_gmt":"2025-12-30T17:44:24","slug":"isade-ja-poegade-korvpalliturniir-tahendas-nii-monelegi-isale-katsumust","status":"publish","type":"post","link":"https:\/\/www.europesays.com\/ee\/74883\/","title":{"rendered":"Isade ja poegade korvpalliturniir t\u00e4hendas nii m\u00f5nelegi isale katsumust"},"content":{"rendered":"<p>Rakvere spordihallis peetud isade ja poegade korvpalliturniir n\u00f5udis spordi m\u00f5istes seeniorieas isadelt vanuseklassi kasvades aina suuremat pingutust.<\/p>\n<p>Koos lasteaialapsega v\u00f5istlemas olnud isad v\u00f5tsid korvpalliplatsil \u00fclesandeks pigem v\u00f5sukeste julgustamise ning jagasid s\u00f6\u00f6te. Mida vanemas klassis laps, seda rohkem tuli ka isadel pingutada.<\/p>\n","protected":false},"excerpt":{"rendered":"Rakvere spordihallis peetud isade ja poegade korvpalliturniir n\u00f5udis spordi m\u00f5istes seeniorieas isadelt vanuseklassi kasvades aina suuremat pingutust. Koos&hellip;\n","protected":false},"author":2,"featured_media":74884,"comment_status":"","ping_status":"","sticky":false,"template":"","format":"standard","meta":{"footnotes":"","_share_on_mastodon":"0"},"categories":[12],"tags":[26,27,37,33,35,7339,34,36,31,32,7337,21,19460,37858,6296,37859,3704,28,29,37856,37860,37857,37861,19,25,2972,249,23,24,22,20,30],"class_list":["post-74883","post","type-post","status-publish","format-standard","has-post-thumbnail","category-eesti","tag-breaking-news","tag-breakingnews","tag-ee","tag-eesti","tag-eesti-keel","tag-erkki-sillamaa","tag-estonia","tag-estonian","tag-featured-news","tag-featurednews","tag-haljala","tag-headlines","tag-isad","tag-kaspar-pomerants","tag-keila","tag-korvpalliturniir","tag-lapsed","tag-latest-news","tag-latestnews","tag-lennart-joorits","tag-marco-aitman","tag-mattias-maltsar","tag-mikk-joorits","tag-news","tag-populaarseimad-lood","tag-rakvere","tag-tartu","tag-top-stories","tag-topstories","tag-uldised-uudised","tag-uudised","tag-viimased-uudised"],"share_on_mastodon":{"url":"https:\/\/pubeurope.com\/@ee\/115809764154491841","error":""},"_links":{"self":[{"href":"https:\/\/www.europesays.com\/ee\/wp-json\/wp\/v2\/posts\/74883","targetHints":{"allow":["GET"]}}],"collection":[{"href":"https:\/\/www.europesays.com\/ee\/wp-json\/wp\/v2\/posts"}],"about":[{"href":"https:\/\/www.europesays.com\/ee\/wp-json\/wp\/v2\/types\/post"}],"author":[{"embeddable":true,"href":"https:\/\/www.europesays.com\/ee\/wp-json\/wp\/v2\/users\/2"}],"replies":[{"embeddable":true,"href":"https:\/\/www.europesays.com\/ee\/wp-json\/wp\/v2\/comments?post=74883"}],"version-history":[{"count":0,"href":"https:\/\/www.europesays.com\/ee\/wp-json\/wp\/v2\/posts\/74883\/revisions"}],"wp:featuredmedia":[{"embeddable":true,"href":"https:\/\/www.europesays.com\/ee\/wp-json\/wp\/v2\/media\/74884"}],"wp:attachment":[{"href":"https:\/\/www.europesays.com\/ee\/wp-json\/wp\/v2\/media?parent=74883"}],"wp:term":[{"taxonomy":"category","embeddable":true,"href":"https:\/\/www.europesays.com\/ee\/wp-json\/wp\/v2\/categories?post=74883"},{"taxonomy":"post_tag","embeddable":true,"href":"https:\/\/www.europesays.com\/ee\/wp-json\/wp\/v2\/tags?post=74883"}],"curies":[{"name":"wp","href":"https:\/\/api.w.org\/{rel}","templated":true}]}}