{"id":75069,"date":"2025-12-31T04:35:06","date_gmt":"2025-12-31T04:35:06","guid":{"rendered":"https:\/\/www.europesays.com\/ee\/75069\/"},"modified":"2025-12-31T04:35:06","modified_gmt":"2025-12-31T04:35:06","slug":"elektri-hind-lopetab-aasta-voimsa-tousuga-majandus","status":"publish","type":"post","link":"https:\/\/www.europesays.com\/ee\/75069\/","title":{"rendered":"Elektri hind l\u00f5petab aasta v\u00f5imsa t\u00f5usuga &#8211; Majandus"},"content":{"rendered":"<ol>\n<li><a href=\"https:\/\/news.google.com\/rss\/articles\/CBMihgFBVV95cUxQTDl2WFJXaUxZTHFvU0NmaTc2Wmpwek9jTUdFeWdpRm50M3dNMWs4S3BDQzJ5OTBjS3R5ZHAyaGZQcU83ZDA2LXBmTV9WbUsxdjMwd3lCZWhCQ09HT3o3bmd0WVNBNThuR1lVbUNubmdwNTdrdUFiRlBjdVJKVUtGY2ViTl93UQ?oc=5\" target=\"_blank\" rel=\"nofollow noopener\">Elektri hind l\u00f5petab aasta v\u00f5imsa t\u00f5usuga<\/a>&nbsp;&nbsp;Majandus<\/li>\n<li><a href=\"https:\/\/news.google.com\/rss\/articles\/CBMiiwFBVV95cUxQdWFDM2xRRW9MUnd5clpoWXpNVlV4ZjdiY2tnZDRDSmZYUG1zZU43MTByZjZaVGtQR0lvdWM5NVBuaHZIUHlSUFh5NjVfZWc4N0JuWVMxTEM2YmxzT0dvNkpBb0U3SENhWUpsUndFVGlDejdiRmpZOG5DZUE1WDZYMTg1SGZtaUd6Wlo0?oc=5\" target=\"_blank\" rel=\"nofollow noopener\">Elektri b\u00f6rsihind oli Eestis t\u00e4navu madalam kui mullu<\/a>&nbsp;&nbsp;ERR<\/li>\n<li><a href=\"https:\/\/news.google.com\/rss\/articles\/CBMilwFBVV95cUxOYzY5M3hnVnVkTFkyeG9RVzNwb3Z3UGZMODVHR0ZleWdEaWQwcUdYXzRHV2lHeHRoMHpLM01McXBvQVVTWmIzS0wzQUhma0dvTm5rVTFRaWhCYzVDVFcyeEZiX295SkJfNnhXb253amppY21yamZ1UTFrR1FBLTFCMGtFMGZkaDlwYzl3MWNXalRwVFpEVWhv?oc=5\" target=\"_blank\" rel=\"nofollow noopener\">Homme teeb elektri hind suure h\u00fcppe, hinnavahe Soomega \u00fcle 10 korra<\/a>&nbsp;&nbsp;L\u00f5unaeestlane<\/li>\n<li><a href=\"https:\/\/news.google.com\/rss\/articles\/CBMihAFBVV95cUxNMDVydFgtSWU0NWRDZFhaVktkWG92Q0VYY1FVWVQzN3p2cmVaWjVINV9TS1liU3VULTZ1ZzZNMTk5blp6WE9iU2NSWTRXMTBTdjZ6Q2dfV1RmRXdESWR4Qk9leWV1bEpsWmhPbmhnd3gxTFV6UFVwUzk1UnBDeTkyeHRiSmI?oc=5\" target=\"_blank\" rel=\"nofollow noopener\">P\u00fchad m\u00f6\u00f6dusid p\u00e4\u00e4stjatele t\u00f6iselt<\/a>&nbsp;&nbsp;L\u00f5una-Eesti Postimees<\/li>\n<li><a href=\"https:\/\/news.google.com\/rss\/articles\/CBMiiwFBVV95cUxPQl9HZlFvUy1wRGxhVS1OVXBVZWV3NTBwYkZLS05JTERCT3VLS2RIaE5wZllKTHFNRF9qZHYyRFhVclRTYkpQU2haVFU1SVZ3M0FvVGRKdHlVOE9iTVdFQzBfb3p4ODlWVFVpMFJUcGc1dUtVZng5dVlXRmVjQjlvVXA5ZWREcnZLdThZ?oc=5\" target=\"_blank\" rel=\"nofollow noopener\">Elektri b\u00f6rsihind oli t\u00e4navu Eestis madalam kui mullu<\/a>&nbsp;&nbsp;ERR<\/li>\n<\/ol>\n","protected":false},"excerpt":{"rendered":"Elektri hind l\u00f5petab aasta v\u00f5imsa t\u00f5usuga&nbsp;&nbsp;Majandus Elektri b\u00f6rsihind oli Eestis t\u00e4navu madalam kui mullu&nbsp;&nbsp;ERR Homme teeb elektri hind&hellip;\n","protected":false},"author":2,"featured_media":75070,"comment_status":"","ping_status":"","sticky":false,"template":"","format":"standard","meta":{"footnotes":"","_share_on_mastodon":"0"},"categories":[12],"tags":[26,27,37,33,35,7429,34,36,31,32,21,37960,28,29,24394,24395,37962,19,25,37961,18594,22289,23,24,22,20,30],"class_list":["post-75069","post","type-post","status-publish","format-standard","has-post-thumbnail","category-eesti","tag-breaking-news","tag-breakingnews","tag-ee","tag-eesti","tag-eesti-keel","tag-elektrihind","tag-estonia","tag-estonian","tag-featured-news","tag-featurednews","tag-headlines","tag-hinnatipp","tag-latest-news","tag-latestnews","tag-latis","tag-leedus","tag-naaberriik","tag-news","tag-populaarseimad-lood","tag-soodsaim-aeg","tag-soomes","tag-teisipaev","tag-top-stories","tag-topstories","tag-uldised-uudised","tag-uudised","tag-viimased-uudised"],"share_on_mastodon":{"url":"https:\/\/pubeurope.com\/@ee\/115812323994561128","error":""},"_links":{"self":[{"href":"https:\/\/www.europesays.com\/ee\/wp-json\/wp\/v2\/posts\/75069","targetHints":{"allow":["GET"]}}],"collection":[{"href":"https:\/\/www.europesays.com\/ee\/wp-json\/wp\/v2\/posts"}],"about":[{"href":"https:\/\/www.europesays.com\/ee\/wp-json\/wp\/v2\/types\/post"}],"author":[{"embeddable":true,"href":"https:\/\/www.europesays.com\/ee\/wp-json\/wp\/v2\/users\/2"}],"replies":[{"embeddable":true,"href":"https:\/\/www.europesays.com\/ee\/wp-json\/wp\/v2\/comments?post=75069"}],"version-history":[{"count":0,"href":"https:\/\/www.europesays.com\/ee\/wp-json\/wp\/v2\/posts\/75069\/revisions"}],"wp:featuredmedia":[{"embeddable":true,"href":"https:\/\/www.europesays.com\/ee\/wp-json\/wp\/v2\/media\/75070"}],"wp:attachment":[{"href":"https:\/\/www.europesays.com\/ee\/wp-json\/wp\/v2\/media?parent=75069"}],"wp:term":[{"taxonomy":"category","embeddable":true,"href":"https:\/\/www.europesays.com\/ee\/wp-json\/wp\/v2\/categories?post=75069"},{"taxonomy":"post_tag","embeddable":true,"href":"https:\/\/www.europesays.com\/ee\/wp-json\/wp\/v2\/tags?post=75069"}],"curies":[{"name":"wp","href":"https:\/\/api.w.org\/{rel}","templated":true}]}}