{"id":75139,"date":"2025-12-31T07:31:06","date_gmt":"2025-12-31T07:31:06","guid":{"rendered":"https:\/\/www.europesays.com\/ee\/75139\/"},"modified":"2025-12-31T07:31:06","modified_gmt":"2025-12-31T07:31:06","slug":"valik-2025-aastal-ilmunud-lehelugusid-mis-konetasid-lugejaid-parnu-postimees","status":"publish","type":"post","link":"https:\/\/www.europesays.com\/ee\/75139\/","title":{"rendered":"Valik 2025. aastal ilmunud lehelugusid, mis k\u00f5netasid lugejaid &#8211; P\u00e4rnu Postimees"},"content":{"rendered":"<ol>\n<li><a href=\"https:\/\/news.google.com\/rss\/articles\/CBMimwFBVV95cUxPemk2UWl4M1hvTkt2aWZ0dGQ4V3M4SkEyUC1fUzBfNElQWVkxWFFHazQzT2xVcEc1aEo3Rk5iNC00WnJ3SEFkQ05FRDcwekFheERsMFVPSUVkcDBaVXZ3X1A2MWsyUlZMTDd3dGFxbVJfM01NRjVlTElwUlg4MmlrX3NiMEtxRGFLR1R5cXA3VVI5ckFacnhfVTJRbw?oc=5\" target=\"_blank\" rel=\"nofollow noopener\">Valik 2025. aastal ilmunud lehelugusid, mis k\u00f5netasid lugejaid<\/a>&nbsp;&nbsp;P\u00e4rnu Postimees<\/li>\n<li><a href=\"https:\/\/news.google.com\/rss\/articles\/CBMilwFBVV95cUxPdTh6WHhCNU1ldkZqVHNsMUpxeFVlck1KVVpFdzF0UlBCdE5Md094QmQ4V05DeWxqeWt5YzUwODhCQ3RsYmQ4dHdXaGQyVnVsOXpjWUlseWFONWVyRXRQNWpreUJuM0g2azV5ang4SE1peFc3Z01kMG9GWllPR01kWjJnYkE1T3lmNVh6aXptV2lCZHVVNEhv?oc=5\" target=\"_blank\" rel=\"nofollow noopener\">12 KUUD LOODUSVAATLUSI \u27e9 2025 t\u00f5i kaasa palju eriskummalist<\/a>&nbsp;&nbsp;P\u00e4rnu Postimees<\/li>\n<li><a href=\"https:\/\/news.google.com\/rss\/articles\/CBMi6wFBVV95cUxNRzJGSFZBM2ZvaDFmX2M5UVJzRnVLeThyUW02MWEwR3BvV09ldXBIY0ZWSWVEdkJjeF8xT3ZWTXhSMkdNbEVTVHRaUTZ4LWU4OHFLRVI2T0RNV2RTbkdnUFh1czRtNzhuYm5kaWlFeUU2azVxdXBwbnJjSWpGenRLeUNRemVxVTBGNVpBc0M1RDNncGNmMjRRR2JmOWZiMTAybk00N3V5clJrYUxFUkdOcHNKOEdLak1hT0phVUI4ZkN0UklYYU9xbkZobmd0VFczNUdzSTRleHM1SEdyMEJFU0RhVEtxQThqNWhv?oc=5\" target=\"_blank\" rel=\"nofollow noopener\">SKANDAALID 2025 | \u201eMine koju \u00e4ra \u2013 piinlik on!\u201c Tuntud n\u00e4od kirjutasid alaealistele, k\u00e4isid kohtus ja rikkusid seadusi<\/a>&nbsp;&nbsp;Kroonika<\/li>\n<li><a href=\"https:\/\/news.google.com\/rss\/articles\/CBMitwFBVV95cUxQY3o5WGhnYTFYNDRXZXlNZWtxVXJxRXk0ajdfVmVrT3N0dlNIV3JTeG5EWnlWY2MtNEJoYk9UTmFnLW1kZDBrN2NNZG9JcDQwcVVEeTVHdndmRnVCOGxXdlFCRnk4UGFkc0VKVkxyZ0pDZnU3YWw1TkdmWXc3QmJQejYtYWl5c2o4cnlTQXBGSVNfblZ3aHIzdmdFQ1pqZW0xZ1JpemdFd01ZWUJwSG1LY2ZoekJBZlU?oc=5\" target=\"_blank\" rel=\"nofollow noopener\">POLITSEIAASTA KOKKUV\u00d5TE L\u00e4\u00e4ne prefekt Argo Tali: Oleme \u00fchiskonnana ikkagi arenenud<\/a>&nbsp;&nbsp;P\u00e4rnu Postimees<\/li>\n<li><a href=\"https:\/\/news.google.com\/rss\/articles\/CBMi-gFBVV95cUxOb2dkN2o2VkpOOGYtcmVsczBtX2szdFF2ZDJ0Z2QyRXR4RTZ2Z09Ub3ZyZG5lQkUyRlQxcGw1Ty1oYmc1dmpITGZIaTNPYU1laTdwUmFiaWN3MkdvcEZRdVd1MWl2eXYzM0VtblhSRDhrSjlMcUh4MjYtc1ExVWlFSGdVaFhXaG1ONDM0ZDhHQkRHMVAyZW45ay1GcEdmRXd3RFJxdGdEU1VURWduR09jNzRldHZWVkItVllabGZlUUlsQ3gwLTdtczFkQnFMT3pPcWcyOEwxdEtlMGk0NThvbnV2N3hzS2xVSlcwWUdheGI1ZGNZTVRmaXNR?oc=5\" target=\"_blank\" rel=\"nofollow noopener\">TIPP-20 Kalade massiline suremine, lapsm\u00f5rvarid kohtupingis ja vaibarulli m\u00e4hitud laps ehk P\u00e4rnu Postimehe loetumad lood aastal 2025<\/a>&nbsp;&nbsp;P\u00e4rnu Postimees<\/li>\n<\/ol>\n","protected":false},"excerpt":{"rendered":"Valik 2025. aastal ilmunud lehelugusid, mis k\u00f5netasid lugejaid&nbsp;&nbsp;P\u00e4rnu Postimees 12 KUUD LOODUSVAATLUSI \u27e9 2025 t\u00f5i kaasa palju eriskummalist&nbsp;&nbsp;P\u00e4rnu&hellip;\n","protected":false},"author":2,"featured_media":75140,"comment_status":"","ping_status":"","sticky":false,"template":"","format":"standard","meta":{"footnotes":"","_share_on_mastodon":"0"},"categories":[12],"tags":[38018,26,27,37,33,35,34,36,31,32,21,38019,38020,6558,16516,28,29,38017,20510,19,1421,25,25044,16609,38016,23,24,22,20,30],"class_list":["post-75139","post","type-post","status-publish","format-standard","has-post-thumbnail","category-eesti","tag-arvo-pard","tag-breaking-news","tag-breakingnews","tag-ee","tag-eesti","tag-eesti-keel","tag-estonia","tag-estonian","tag-featured-news","tag-featurednews","tag-headlines","tag-hugo","tag-juudi-kalmistu","tag-kalad","tag-lasteaiatoit","tag-latest-news","tag-latestnews","tag-mailis-ollino","tag-neeme-jarvi","tag-news","tag-parnu","tag-populaarseimad-lood","tag-raama-sild","tag-tammiste","tag-tammiste-roim","tag-top-stories","tag-topstories","tag-uldised-uudised","tag-uudised","tag-viimased-uudised"],"share_on_mastodon":{"url":"https:\/\/pubeurope.com\/@ee\/115813016041084927","error":""},"_links":{"self":[{"href":"https:\/\/www.europesays.com\/ee\/wp-json\/wp\/v2\/posts\/75139","targetHints":{"allow":["GET"]}}],"collection":[{"href":"https:\/\/www.europesays.com\/ee\/wp-json\/wp\/v2\/posts"}],"about":[{"href":"https:\/\/www.europesays.com\/ee\/wp-json\/wp\/v2\/types\/post"}],"author":[{"embeddable":true,"href":"https:\/\/www.europesays.com\/ee\/wp-json\/wp\/v2\/users\/2"}],"replies":[{"embeddable":true,"href":"https:\/\/www.europesays.com\/ee\/wp-json\/wp\/v2\/comments?post=75139"}],"version-history":[{"count":0,"href":"https:\/\/www.europesays.com\/ee\/wp-json\/wp\/v2\/posts\/75139\/revisions"}],"wp:featuredmedia":[{"embeddable":true,"href":"https:\/\/www.europesays.com\/ee\/wp-json\/wp\/v2\/media\/75140"}],"wp:attachment":[{"href":"https:\/\/www.europesays.com\/ee\/wp-json\/wp\/v2\/media?parent=75139"}],"wp:term":[{"taxonomy":"category","embeddable":true,"href":"https:\/\/www.europesays.com\/ee\/wp-json\/wp\/v2\/categories?post=75139"},{"taxonomy":"post_tag","embeddable":true,"href":"https:\/\/www.europesays.com\/ee\/wp-json\/wp\/v2\/tags?post=75139"}],"curies":[{"name":"wp","href":"https:\/\/api.w.org\/{rel}","templated":true}]}}