{"id":75912,"date":"2026-01-01T13:38:14","date_gmt":"2026-01-01T13:38:14","guid":{"rendered":"https:\/\/www.europesays.com\/ee\/75912\/"},"modified":"2026-01-01T13:38:14","modified_gmt":"2026-01-01T13:38:14","slug":"teeolud-on-tana-keerulised-jarva-teataja","status":"publish","type":"post","link":"https:\/\/www.europesays.com\/ee\/75912\/","title":{"rendered":"Teeolud on t\u00e4na keerulised &#8211; J\u00e4rva Teataja"},"content":{"rendered":"<ol>\n<li><a href=\"https:\/\/news.google.com\/rss\/articles\/CBMid0FVX3lxTE5KVHJ4aXNVTFg5NWdqaUF2U3hiVjliYTZaekVMZDlzZmdjMm44WVVyQXVzcDlFdENOTDA1ZjR5XzdiYTlJNDR0c0FCMnQ1bDJPeFZWY1U5YThQdEFHWVFYcm50TGlHdDVpb1pUS3BjZ3ZWc05LUFJz?oc=5\" target=\"_blank\" rel=\"nofollow noopener\">Teeolud on t\u00e4na keerulised<\/a>&nbsp;&nbsp;J\u00e4rva Teataja<\/li>\n<li><a href=\"https:\/\/news.google.com\/rss\/articles\/CBMidkFVX3lxTE1uV05UY1V6UG5fc09yLURyNmNQdzlXTGxrcjdxM1JyV2kya1FRRTJndk1yVF9iTV9ad0ZvdHc5Y3Z5d2ZHal81MThoU3NKZnd5a3pzSkh3SkJ3SEwxeGJNUG00d1BFaDdyR3RlLUxUZ3hHUUVJY2c?oc=5\" target=\"_blank\" rel=\"nofollow noopener\">Talv hakkas l\u00f5puks hambaid n\u00e4itama<\/a>&nbsp;&nbsp;Postimees<\/li>\n<li><a href=\"https:\/\/news.google.com\/rss\/articles\/CBMi2AFBVV95cUxPSjNNZlVSclh1UWRzOEQycU85NmltTVZDX1dCUFpjbXM0SXRjTVoyajdfWGdtczVUX29STU5CU1VKb0xmMEsyX1VXdmJOZGtLOUdlV1VnRl8tT2cwZXNzRV9HQlhtdWdBOFd0Snl3WW1hNE94Mk52UFNkaGczY0FmVVpveDNCdkV3dE1SanFfbEdVeXZ2Y0N5dW9aUXZDQmdTeFk3VDZWcS1zTkNsb09SVllIOVBRX0hpQW9xMnZ0WW9xY3ktZl9HdWx0a0cxbjBiZWJuSzh6eUM?oc=5\" target=\"_blank\" rel=\"nofollow noopener\">ILMABLOGI | Torm pole vaibunud! Tugev lumesadu ja libedad teed tekitavad liikluses ohtlikke olukordi<\/a>&nbsp;&nbsp;Maaleht<\/li>\n<li><a href=\"https:\/\/news.google.com\/rss\/articles\/CBMiiAFBVV95cUxPeFRVY1Rvdlc1RE5BMndrMFAzQkluanlqMWdSRWdjeVowM3dZbERvTi1WNm5mUjFZdmQtX0RQOVNJTGM0UnVHTC1COXZDbDJ0ZUdvcWZiNFY0R3phUV9SYzJOczg4aVdCb1N4QjdhQU92SndwMzF5Ukl6c1BSeWVPY2ZrbUxua21i?oc=5\" target=\"_blank\" rel=\"nofollow noopener\">GALERII | L\u00d5PUKS OMETI! Lumi j\u00f5udis tormiga Tallinna<\/a>&nbsp;&nbsp;\u00d5htuleht<\/li>\n<li><a href=\"https:\/\/news.google.com\/rss\/articles\/CBMiZEFVX3lxTE1vVHRDM0RJcWJzeC05T3k1OTdzOHM0UERRTW1jWlpURWxneUlxclRjZ1BfYnJPRGZUZ0dkaFpWWlhwNjgzVFdfcHVEYktyRlR6bjRzY212QzhFLWFuaGlFamh4VGU?oc=5\" target=\"_blank\" rel=\"nofollow noopener\">T\u00e4na on oodata tuisku<\/a>&nbsp;&nbsp;L\u00e4\u00e4ne Elu<\/li>\n<\/ol>\n","protected":false},"excerpt":{"rendered":"Teeolud on t\u00e4na keerulised&nbsp;&nbsp;J\u00e4rva Teataja Talv hakkas l\u00f5puks hambaid n\u00e4itama&nbsp;&nbsp;Postimees ILMABLOGI | Torm pole vaibunud! Tugev lumesadu ja&hellip;\n","protected":false},"author":2,"featured_media":75913,"comment_status":"","ping_status":"","sticky":false,"template":"","format":"standard","meta":{"footnotes":"","_share_on_mastodon":"0"},"categories":[12],"tags":[26,27,37,33,35,34,36,31,32,21,28,29,19,25,23245,23,24,22,20,30],"class_list":["post-75912","post","type-post","status-publish","format-standard","has-post-thumbnail","category-eesti","tag-breaking-news","tag-breakingnews","tag-ee","tag-eesti","tag-eesti-keel","tag-estonia","tag-estonian","tag-featured-news","tag-featurednews","tag-headlines","tag-latest-news","tag-latestnews","tag-news","tag-populaarseimad-lood","tag-talvised-teeolud","tag-top-stories","tag-topstories","tag-uldised-uudised","tag-uudised","tag-viimased-uudised"],"share_on_mastodon":{"url":"https:\/\/pubeurope.com\/@ee\/115820121882607466","error":""},"_links":{"self":[{"href":"https:\/\/www.europesays.com\/ee\/wp-json\/wp\/v2\/posts\/75912","targetHints":{"allow":["GET"]}}],"collection":[{"href":"https:\/\/www.europesays.com\/ee\/wp-json\/wp\/v2\/posts"}],"about":[{"href":"https:\/\/www.europesays.com\/ee\/wp-json\/wp\/v2\/types\/post"}],"author":[{"embeddable":true,"href":"https:\/\/www.europesays.com\/ee\/wp-json\/wp\/v2\/users\/2"}],"replies":[{"embeddable":true,"href":"https:\/\/www.europesays.com\/ee\/wp-json\/wp\/v2\/comments?post=75912"}],"version-history":[{"count":0,"href":"https:\/\/www.europesays.com\/ee\/wp-json\/wp\/v2\/posts\/75912\/revisions"}],"wp:featuredmedia":[{"embeddable":true,"href":"https:\/\/www.europesays.com\/ee\/wp-json\/wp\/v2\/media\/75913"}],"wp:attachment":[{"href":"https:\/\/www.europesays.com\/ee\/wp-json\/wp\/v2\/media?parent=75912"}],"wp:term":[{"taxonomy":"category","embeddable":true,"href":"https:\/\/www.europesays.com\/ee\/wp-json\/wp\/v2\/categories?post=75912"},{"taxonomy":"post_tag","embeddable":true,"href":"https:\/\/www.europesays.com\/ee\/wp-json\/wp\/v2\/tags?post=75912"}],"curies":[{"name":"wp","href":"https:\/\/api.w.org\/{rel}","templated":true}]}}