{"id":75999,"date":"2026-01-01T15:20:08","date_gmt":"2026-01-01T15:20:08","guid":{"rendered":"https:\/\/www.europesays.com\/ee\/75999\/"},"modified":"2026-01-01T15:20:08","modified_gmt":"2026-01-01T15:20:08","slug":"elina-nechayeval-polnud-sormes-abielusormust","status":"publish","type":"post","link":"https:\/\/www.europesays.com\/ee\/75999\/","title":{"rendered":"Elina Nechayeval polnud s\u00f5rmes abielus\u00f5rmust"},"content":{"rendered":"<p>Aasta viimasel \u00f5htul kell 22.30 oli TV3 eetris humoorikas saade \u00abRooside s\u00f5da: N\u00e4gu vs. Mask\u00bb. Tegemist oli meeleoluka erisaatega, kus omavahel v\u00f5tsid m\u00f5\u00f5tu armastatud staarid telesaadetest \u00abSu n\u00e4gu k\u00f5lab tuttavalt\u00bb (Reigo Tamm, Birgit Sarrap, An-Marlen ja Oskar Seeman) ning \u00abMaskis laulja\u00bb (Karl-Erik Taukar, Kirsti Timmer, Elina Nechayeva ja Sepo Seeman). L\u00f5busate k\u00fcsimuste ja pakatava naeru k\u00f5rval sai saates n\u00e4ha ja kuulda ka palju s\u00e4rtsakat muusikat.<\/p>\n","protected":false},"excerpt":{"rendered":"Aasta viimasel \u00f5htul kell 22.30 oli TV3 eetris humoorikas saade \u00abRooside s\u00f5da: N\u00e4gu vs. Mask\u00bb. Tegemist oli meeleoluka&hellip;\n","protected":false},"author":2,"featured_media":76000,"comment_status":"","ping_status":"","sticky":false,"template":"","format":"standard","meta":{"footnotes":"","_share_on_mastodon":"0"},"categories":[91],"tags":[38421,221,868,240,37,33,35,3346,173,34,36,4760,10293,241,38422,140,38425,38424,8995,1449,38423,7692,257],"class_list":["post-75999","post","type-post","status-publish","format-standard","has-post-thumbnail","category-kuulsused","tag-ahmed-moussaga","tag-an-marlen","tag-birgit-sarrap","tag-celebrities","tag-ee","tag-eesti","tag-eesti-keel","tag-elina-nechayeva","tag-entertainment","tag-estonia","tag-estonian","tag-karl-erik-taukar","tag-kirsti-timmer","tag-kuulsused","tag-mask","tag-meelelahutus","tag-nagu","tag-olive","tag-oskar-seeman","tag-reigo-tamm","tag-rooside-soda","tag-sepo-seeman","tag-tv3"],"share_on_mastodon":{"url":"https:\/\/pubeurope.com\/@ee\/115820522537332401","error":""},"_links":{"self":[{"href":"https:\/\/www.europesays.com\/ee\/wp-json\/wp\/v2\/posts\/75999","targetHints":{"allow":["GET"]}}],"collection":[{"href":"https:\/\/www.europesays.com\/ee\/wp-json\/wp\/v2\/posts"}],"about":[{"href":"https:\/\/www.europesays.com\/ee\/wp-json\/wp\/v2\/types\/post"}],"author":[{"embeddable":true,"href":"https:\/\/www.europesays.com\/ee\/wp-json\/wp\/v2\/users\/2"}],"replies":[{"embeddable":true,"href":"https:\/\/www.europesays.com\/ee\/wp-json\/wp\/v2\/comments?post=75999"}],"version-history":[{"count":0,"href":"https:\/\/www.europesays.com\/ee\/wp-json\/wp\/v2\/posts\/75999\/revisions"}],"wp:featuredmedia":[{"embeddable":true,"href":"https:\/\/www.europesays.com\/ee\/wp-json\/wp\/v2\/media\/76000"}],"wp:attachment":[{"href":"https:\/\/www.europesays.com\/ee\/wp-json\/wp\/v2\/media?parent=75999"}],"wp:term":[{"taxonomy":"category","embeddable":true,"href":"https:\/\/www.europesays.com\/ee\/wp-json\/wp\/v2\/categories?post=75999"},{"taxonomy":"post_tag","embeddable":true,"href":"https:\/\/www.europesays.com\/ee\/wp-json\/wp\/v2\/tags?post=75999"}],"curies":[{"name":"wp","href":"https:\/\/api.w.org\/{rel}","templated":true}]}}