{"id":76096,"date":"2026-01-01T18:55:15","date_gmt":"2026-01-01T18:55:15","guid":{"rendered":"https:\/\/www.europesays.com\/ee\/76096\/"},"modified":"2026-01-01T18:55:15","modified_gmt":"2026-01-01T18:55:15","slug":"meeleolukas-galerii-%e2%9f%a9-toeline-peomoll-vaata-kuidas-tallinna-vanalinnas-uut-aastat-tervitati","status":"publish","type":"post","link":"https:\/\/www.europesays.com\/ee\/76096\/","title":{"rendered":"MEELEOLUKAS GALERII \u27e9 T\u00f5eline peom\u00f6ll! Vaata, kuidas Tallinna vanalinnas uut aastat tervitati"},"content":{"rendered":"<p>K\u00e4es on aeg vana aasta \u00e4ra saata ja uus vastu v\u00f5tta. Vaata Elu24 otsefotodelt, kuidas rahvas Tallinna s\u00fcdamesse Vabaduse v\u00e4ljakule koguneb, et seal v\u00e4geva kontserdi ja lasers\u00f5u saatel aasta \u00e4ra saata.<\/p>\n<p>Aastavahetuse kontserdi avab Synne Valtri Band, sellele j\u00e4rgneb 5MIINUST ning p\u00e4rast Eesti Vabariigi presidendi k\u00f5ne \u00fclekannet v\u00f5tab uue aasta vastu Terminaator.<\/p>\n","protected":false},"excerpt":{"rendered":"K\u00e4es on aeg vana aasta \u00e4ra saata ja uus vastu v\u00f5tta. Vaata Elu24 otsefotodelt, kuidas rahvas Tallinna s\u00fcdamesse&hellip;\n","protected":false},"author":2,"featured_media":76097,"comment_status":"","ping_status":"","sticky":false,"template":"","format":"standard","meta":{"footnotes":"","_share_on_mastodon":"0"},"categories":[18],"tags":[708,33096,37,33,35,38468,34,36,4959,159,158,30754,20407,466,30753],"class_list":["post-76096","post","type-post","status-publish","format-standard","has-post-thumbnail","category-sport","tag-5miinust","tag-aastavahetus","tag-ee","tag-eesti","tag-eesti-keel","tag-eesti-vabariigi-president","tag-estonia","tag-estonian","tag-kontsert","tag-sport","tag-sports","tag-synne-valtri-band","tag-tallinna","tag-terminaator","tag-vabaduse-valjak"],"share_on_mastodon":{"url":"https:\/\/pubeurope.com\/@ee\/115821367940947933","error":""},"_links":{"self":[{"href":"https:\/\/www.europesays.com\/ee\/wp-json\/wp\/v2\/posts\/76096","targetHints":{"allow":["GET"]}}],"collection":[{"href":"https:\/\/www.europesays.com\/ee\/wp-json\/wp\/v2\/posts"}],"about":[{"href":"https:\/\/www.europesays.com\/ee\/wp-json\/wp\/v2\/types\/post"}],"author":[{"embeddable":true,"href":"https:\/\/www.europesays.com\/ee\/wp-json\/wp\/v2\/users\/2"}],"replies":[{"embeddable":true,"href":"https:\/\/www.europesays.com\/ee\/wp-json\/wp\/v2\/comments?post=76096"}],"version-history":[{"count":0,"href":"https:\/\/www.europesays.com\/ee\/wp-json\/wp\/v2\/posts\/76096\/revisions"}],"wp:featuredmedia":[{"embeddable":true,"href":"https:\/\/www.europesays.com\/ee\/wp-json\/wp\/v2\/media\/76097"}],"wp:attachment":[{"href":"https:\/\/www.europesays.com\/ee\/wp-json\/wp\/v2\/media?parent=76096"}],"wp:term":[{"taxonomy":"category","embeddable":true,"href":"https:\/\/www.europesays.com\/ee\/wp-json\/wp\/v2\/categories?post=76096"},{"taxonomy":"post_tag","embeddable":true,"href":"https:\/\/www.europesays.com\/ee\/wp-json\/wp\/v2\/tags?post=76096"}],"curies":[{"name":"wp","href":"https:\/\/api.w.org\/{rel}","templated":true}]}}