{"id":76422,"date":"2026-01-02T09:48:13","date_gmt":"2026-01-02T09:48:13","guid":{"rendered":"https:\/\/www.europesays.com\/ee\/76422\/"},"modified":"2026-01-02T09:48:13","modified_gmt":"2026-01-02T09:48:13","slug":"uhte-hiina-sadamasse-ilmus-uhtakki-selline-hirmu-kulvav-monstrum","status":"publish","type":"post","link":"https:\/\/www.europesays.com\/ee\/76422\/","title":{"rendered":"\u00dchte Hiina sadamasse ilmus \u00fcht\u00e4kki selline hirmu k\u00fclvav monstrum"},"content":{"rendered":"<p>See algas fotoga \u2013 \u00fcksik kaader, tehtud j\u00f5ulup\u00e4eval Hiina sadamas, millelt vaatas vastu midagi tuttavat ja samas \u00e4revusttekitavat. Kaubalaev, justkui igap\u00e4evane, ent t\u00e4is detaile, mis viitavad millegi palju t\u00f5sisemale. Raketis\u00fcsteemid, andurid, l\u00e4hikaitserelvad \u2013 k\u00f5ik justkui olemas, aga miski on siiski teadmata. Hiina vaikib, aga ajalugu r\u00e4\u00e4gib: varasemad katsed tsiviil- ja s\u00f5jalise otstarbe segamisel on l\u00f5ppenud keerukalt ja valusalt. Mida see uus laev endast tegelikult kujutab? Kas see on pelgalt demonstratsioon v\u00f5i m\u00e4rk uue ajastu taktikast? Ja mis hinnaga tuleb seekord see segadus relvade ja rahu vahel?<\/p>\n","protected":false},"excerpt":{"rendered":"See algas fotoga \u2013 \u00fcksik kaader, tehtud j\u00f5ulup\u00e4eval Hiina sadamas, millelt vaatas vastu midagi tuttavat ja samas \u00e4revusttekitavat.&hellip;\n","protected":false},"author":2,"featured_media":76423,"comment_status":"","ping_status":"","sticky":false,"template":"","format":"standard","meta":{"footnotes":"","_share_on_mastodon":"0"},"categories":[80],"tags":[26,27,37,33,35,34,36,31,32,21,326,5811,14538,28,29,95,38597,15106,19,7227,25,38598,38601,7508,38599,102,23,24,22,20,30,92,93,94,38600],"class_list":["post-76422","post","type-post","status-publish","format-standard","has-post-thumbnail","category-maailm","tag-breaking-news","tag-breakingnews","tag-ee","tag-eesti","tag-eesti-keel","tag-estonia","tag-estonian","tag-featured-news","tag-featurednews","tag-headlines","tag-hiina","tag-kulm-soda","tag-laev","tag-latest-news","tag-latestnews","tag-maailm","tag-mereline-taassund","tag-militariseerimine","tag-news","tag-peking","tag-populaarseimad-lood","tag-q-laev","tag-raketisusteem","tag-shanghai","tag-sojaline-ja-tsiviilsektor","tag-teine-maailmasoda","tag-top-stories","tag-topstories","tag-uldised-uudised","tag-uudised","tag-viimased-uudised","tag-world","tag-world-news","tag-worldnews","tag-zhong-da-79"],"share_on_mastodon":{"url":"","error":"Validation failed: Text character limit of 500 exceeded"},"_links":{"self":[{"href":"https:\/\/www.europesays.com\/ee\/wp-json\/wp\/v2\/posts\/76422","targetHints":{"allow":["GET"]}}],"collection":[{"href":"https:\/\/www.europesays.com\/ee\/wp-json\/wp\/v2\/posts"}],"about":[{"href":"https:\/\/www.europesays.com\/ee\/wp-json\/wp\/v2\/types\/post"}],"author":[{"embeddable":true,"href":"https:\/\/www.europesays.com\/ee\/wp-json\/wp\/v2\/users\/2"}],"replies":[{"embeddable":true,"href":"https:\/\/www.europesays.com\/ee\/wp-json\/wp\/v2\/comments?post=76422"}],"version-history":[{"count":0,"href":"https:\/\/www.europesays.com\/ee\/wp-json\/wp\/v2\/posts\/76422\/revisions"}],"wp:featuredmedia":[{"embeddable":true,"href":"https:\/\/www.europesays.com\/ee\/wp-json\/wp\/v2\/media\/76423"}],"wp:attachment":[{"href":"https:\/\/www.europesays.com\/ee\/wp-json\/wp\/v2\/media?parent=76422"}],"wp:term":[{"taxonomy":"category","embeddable":true,"href":"https:\/\/www.europesays.com\/ee\/wp-json\/wp\/v2\/categories?post=76422"},{"taxonomy":"post_tag","embeddable":true,"href":"https:\/\/www.europesays.com\/ee\/wp-json\/wp\/v2\/tags?post=76422"}],"curies":[{"name":"wp","href":"https:\/\/api.w.org\/{rel}","templated":true}]}}