{"id":76569,"date":"2026-01-02T12:56:06","date_gmt":"2026-01-02T12:56:06","guid":{"rendered":"https:\/\/www.europesays.com\/ee\/76569\/"},"modified":"2026-01-02T12:56:06","modified_gmt":"2026-01-02T12:56:06","slug":"galerii-neeme-jarvi-vaatas-uusaastakontserdil-tagasi-75-aastat-kestnud-karjaarile-muusika","status":"publish","type":"post","link":"https:\/\/www.europesays.com\/ee\/76569\/","title":{"rendered":"Galerii: Neeme J\u00e4rvi vaatas uusaastakontserdil tagasi 75 aastat kestnud karj\u00e4\u00e4rile | Muusika"},"content":{"rendered":"<p>R\u00e9my Martini ja Eesti Kontserdi traditsiooniline uusaastakontserdi keskmes oli t\u00e4navu Neeme J\u00e4rvi dirigendikarj\u00e4\u00e4r. Teiste seas astusid \u00fcles Hans Christian Aavik, Martin Kuuskman ja Elina Nechayeva.<\/p>\n<p>Peaprodutsent Maarit Kangroni s\u00f5nul oli traditsiooniline uusaastakontsert Viini-h\u00f5nguline, sai inspiratsiooni maestro lemmikheliloojatelt ning -muusikast ning t\u00f5i kuulajateni tuntud polka-, marsi-, valsi-, aga ka operetimeloodiad.<\/p>\n<p>Kontserdiga vaatas maestro Neeme J\u00e4rvi tagasi oma 75-aastasele dirigendikarj\u00e4\u00e4rile, mis algas Johann Straussi opereti &#8220;\u00d6\u00f6 Veneetsias&#8221; avam\u00e4ngu juhatamisest Estonia teatris; t\u00e4navu kutsus maestro seda teost \u00fcllatusk\u00fclalisena dirigeerima noore talendi Kasper Joel N\u00f5gene. Kontserdil meenutati ka maestro s\u00e4ravaid talendikaid kaasteelisi.<\/p>\n<p>Kava kokkuseadmisel olid inspiratsiooniks omaaegsed kuulsad muusikud ja n\u00e4itlejad: Helju Koppa, Uve Uustalu, Lemmo Erendy, Alfred Mering, Kalju Vaha ja Hugo Malmsten.<\/p>\n<p>Kontsert on j\u00e4relvaadatav <a href=\"https:\/\/jupiter.err.ee\/1609889201\/eesti-kontserdi-ja-r-my-martin-i-uusaastakontsert\" target=\"_blank\" rel=\"noopener nofollow\">Jupiterist<\/a>.<\/p>\n","protected":false},"excerpt":{"rendered":"R\u00e9my Martini ja Eesti Kontserdi traditsiooniline uusaastakontserdi keskmes oli t\u00e4navu Neeme J\u00e4rvi dirigendikarj\u00e4\u00e4r. Teiste seas astusid \u00fcles Hans&hellip;\n","protected":false},"author":2,"featured_media":76570,"comment_status":"","ping_status":"","sticky":false,"template":"","format":"standard","meta":{"footnotes":"","_share_on_mastodon":"0"},"categories":[12],"tags":[26,27,37,33,35,3346,34,36,31,32,11773,21,28,29,20510,19,25,38645,23,24,22,20,38644,30],"class_list":["post-76569","post","type-post","status-publish","format-standard","has-post-thumbnail","category-eesti","tag-breaking-news","tag-breakingnews","tag-ee","tag-eesti","tag-eesti-keel","tag-elina-nechayeva","tag-estonia","tag-estonian","tag-featured-news","tag-featurednews","tag-hans-christian-aavik","tag-headlines","tag-latest-news","tag-latestnews","tag-neeme-jarvi","tag-news","tag-populaarseimad-lood","tag-remy-martin","tag-top-stories","tag-topstories","tag-uldised-uudised","tag-uudised","tag-uusaastakontsert","tag-viimased-uudised"],"share_on_mastodon":{"url":"https:\/\/pubeurope.com\/@ee\/115825618701019787","error":""},"_links":{"self":[{"href":"https:\/\/www.europesays.com\/ee\/wp-json\/wp\/v2\/posts\/76569","targetHints":{"allow":["GET"]}}],"collection":[{"href":"https:\/\/www.europesays.com\/ee\/wp-json\/wp\/v2\/posts"}],"about":[{"href":"https:\/\/www.europesays.com\/ee\/wp-json\/wp\/v2\/types\/post"}],"author":[{"embeddable":true,"href":"https:\/\/www.europesays.com\/ee\/wp-json\/wp\/v2\/users\/2"}],"replies":[{"embeddable":true,"href":"https:\/\/www.europesays.com\/ee\/wp-json\/wp\/v2\/comments?post=76569"}],"version-history":[{"count":0,"href":"https:\/\/www.europesays.com\/ee\/wp-json\/wp\/v2\/posts\/76569\/revisions"}],"wp:featuredmedia":[{"embeddable":true,"href":"https:\/\/www.europesays.com\/ee\/wp-json\/wp\/v2\/media\/76570"}],"wp:attachment":[{"href":"https:\/\/www.europesays.com\/ee\/wp-json\/wp\/v2\/media?parent=76569"}],"wp:term":[{"taxonomy":"category","embeddable":true,"href":"https:\/\/www.europesays.com\/ee\/wp-json\/wp\/v2\/categories?post=76569"},{"taxonomy":"post_tag","embeddable":true,"href":"https:\/\/www.europesays.com\/ee\/wp-json\/wp\/v2\/tags?post=76569"}],"curies":[{"name":"wp","href":"https:\/\/api.w.org\/{rel}","templated":true}]}}