{"id":76601,"date":"2026-01-02T13:28:07","date_gmt":"2026-01-02T13:28:07","guid":{"rendered":"https:\/\/www.europesays.com\/ee\/76601\/"},"modified":"2026-01-02T13:28:07","modified_gmt":"2026-01-02T13:28:07","slug":"kusitlus-%e2%9f%a9-ukrainlased-on-territooriumi-loovutamisele-tugevalt-vastu","status":"publish","type":"post","link":"https:\/\/www.europesays.com\/ee\/76601\/","title":{"rendered":"K\u00dcSITLUS \u27e9 Ukrainlased on territooriumi loovutamisele tugevalt vastu"},"content":{"rendered":"<p>V\u00e4rske uuring n\u00e4itab, et enamik ukrainlastest on endiselt vastu territooriumi loovutamisele rahulepingu tingimusena ja umbes kolmandik n\u00f5ustuks rindejoone k\u00fclmutamisega praegusel kujul.<\/p>\n<p>Kiievi rahvusvahelise sotsioloogiainstituudi uuring n\u00e4itab, et 53 protsenti ukrainlastest on kategooriliselt vastu Venemaale territoriaalsete j\u00e4releandmiste tegemisele.<\/p>\n","protected":false},"excerpt":{"rendered":"V\u00e4rske uuring n\u00e4itab, et enamik ukrainlastest on endiselt vastu territooriumi loovutamisele rahulepingu tingimusena ja umbes kolmandik n\u00f5ustuks rindejoone&hellip;\n","protected":false},"author":2,"featured_media":76602,"comment_status":"","ping_status":"","sticky":false,"template":"","format":"standard","meta":{"footnotes":"","_share_on_mastodon":"0"},"categories":[80],"tags":[26,27,37,33,35,34,36,31,32,21,38669,28,29,95,19,25,24170,6912,1049,20421,38668,23,24,262,22,20,294,96,30,92,93,94],"class_list":["post-76601","post","type-post","status-publish","format-standard","has-post-thumbnail","category-maailm","tag-breaking-news","tag-breakingnews","tag-ee","tag-eesti","tag-eesti-keel","tag-estonia","tag-estonian","tag-featured-news","tag-featurednews","tag-headlines","tag-k","tag-latest-news","tag-latestnews","tag-maailm","tag-news","tag-populaarseimad-lood","tag-rahuleping","tag-rindejoon","tag-soda","tag-sotsioloogia","tag-territoriaalsed-jareleandmised","tag-top-stories","tag-topstories","tag-ukraina","tag-uldised-uudised","tag-uudised","tag-uuring","tag-venemaa","tag-viimased-uudised","tag-world","tag-world-news","tag-worldnews"],"share_on_mastodon":{"url":"https:\/\/pubeurope.com\/@ee\/115825744506014062","error":""},"_links":{"self":[{"href":"https:\/\/www.europesays.com\/ee\/wp-json\/wp\/v2\/posts\/76601","targetHints":{"allow":["GET"]}}],"collection":[{"href":"https:\/\/www.europesays.com\/ee\/wp-json\/wp\/v2\/posts"}],"about":[{"href":"https:\/\/www.europesays.com\/ee\/wp-json\/wp\/v2\/types\/post"}],"author":[{"embeddable":true,"href":"https:\/\/www.europesays.com\/ee\/wp-json\/wp\/v2\/users\/2"}],"replies":[{"embeddable":true,"href":"https:\/\/www.europesays.com\/ee\/wp-json\/wp\/v2\/comments?post=76601"}],"version-history":[{"count":0,"href":"https:\/\/www.europesays.com\/ee\/wp-json\/wp\/v2\/posts\/76601\/revisions"}],"wp:featuredmedia":[{"embeddable":true,"href":"https:\/\/www.europesays.com\/ee\/wp-json\/wp\/v2\/media\/76602"}],"wp:attachment":[{"href":"https:\/\/www.europesays.com\/ee\/wp-json\/wp\/v2\/media?parent=76601"}],"wp:term":[{"taxonomy":"category","embeddable":true,"href":"https:\/\/www.europesays.com\/ee\/wp-json\/wp\/v2\/categories?post=76601"},{"taxonomy":"post_tag","embeddable":true,"href":"https:\/\/www.europesays.com\/ee\/wp-json\/wp\/v2\/tags?post=76601"}],"curies":[{"name":"wp","href":"https:\/\/api.w.org\/{rel}","templated":true}]}}