{"id":76712,"date":"2026-01-02T15:29:07","date_gmt":"2026-01-02T15:29:07","guid":{"rendered":"https:\/\/www.europesays.com\/ee\/76712\/"},"modified":"2026-01-02T15:29:07","modified_gmt":"2026-01-02T15:29:07","slug":"autode-tesla-stiilis-ukselingid-voidakse-hiinas-ja-mujalgi-ara-keelata","status":"publish","type":"post","link":"https:\/\/www.europesays.com\/ee\/76712\/","title":{"rendered":"Autode Tesla-stiilis ukselingid v\u00f5idakse Hiinas ja mujalgi \u00e4ra keelata"},"content":{"rendered":"<p>Alates 1. jaanuarist 2027 keelustab Hiina elektriliselt v\u00e4ljas\u00f5itvad ukselingid, mis on saanud omamoodi staatuse s\u00fcmboliks nii Tesla kui ka paljude kohalike elektriautode puhul. Otsus s\u00fcndis p\u00e4rast mitmeid traagilisi \u00f5nnetusi, kus p\u00e4\u00e4stjad ja pealtn\u00e4gijad ei suutnud purunenud autost inimesi k\u00e4tte saada, sest uksed j\u00e4id elektroonika t\u00f5rke t\u00f5ttu lukku l\u00e4inud ja lingid peitu j\u00e4\u00e4nud.<\/p>\n","protected":false},"excerpt":{"rendered":"Alates 1. jaanuarist 2027 keelustab Hiina elektriliselt v\u00e4ljas\u00f5itvad ukselingid, mis on saanud omamoodi staatuse s\u00fcmboliks nii Tesla kui&hellip;\n","protected":false},"author":2,"featured_media":76713,"comment_status":"","ping_status":"","sticky":false,"template":"","format":"standard","meta":{"footnotes":"","_share_on_mastodon":"0"},"categories":[80],"tags":[38724,26,27,38720,37,33,35,38723,34,36,31,32,38721,21,326,28,29,95,19,38718,25,3867,4138,38717,38719,23,24,22,20,30,11042,38725,92,93,94,38722],"class_list":["post-76712","post","type-post","status-publish","format-standard","has-post-thumbnail","category-maailm","tag-1-jaanuar-2027","tag-breaking-news","tag-breakingnews","tag-chengdu","tag-ee","tag-eesti","tag-eesti-keel","tag-elektrilised-ukselingid","tag-estonia","tag-estonian","tag-featured-news","tag-featurednews","tag-great-wall-motors","tag-headlines","tag-hiina","tag-latest-news","tag-latestnews","tag-maailm","tag-news","tag-paastetood","tag-populaarseimad-lood","tag-soidukid","tag-tesla-model-y","tag-thomas-schafer","tag-tongling","tag-top-stories","tag-topstories","tag-uldised-uudised","tag-uudised","tag-viimased-uudised","tag-volkswagen","tag-wei-jianjun","tag-world","tag-world-news","tag-worldnews","tag-xiaomi-su7-ultra"],"share_on_mastodon":{"url":"","error":"Validation failed: Text character limit of 500 exceeded"},"_links":{"self":[{"href":"https:\/\/www.europesays.com\/ee\/wp-json\/wp\/v2\/posts\/76712","targetHints":{"allow":["GET"]}}],"collection":[{"href":"https:\/\/www.europesays.com\/ee\/wp-json\/wp\/v2\/posts"}],"about":[{"href":"https:\/\/www.europesays.com\/ee\/wp-json\/wp\/v2\/types\/post"}],"author":[{"embeddable":true,"href":"https:\/\/www.europesays.com\/ee\/wp-json\/wp\/v2\/users\/2"}],"replies":[{"embeddable":true,"href":"https:\/\/www.europesays.com\/ee\/wp-json\/wp\/v2\/comments?post=76712"}],"version-history":[{"count":0,"href":"https:\/\/www.europesays.com\/ee\/wp-json\/wp\/v2\/posts\/76712\/revisions"}],"wp:featuredmedia":[{"embeddable":true,"href":"https:\/\/www.europesays.com\/ee\/wp-json\/wp\/v2\/media\/76713"}],"wp:attachment":[{"href":"https:\/\/www.europesays.com\/ee\/wp-json\/wp\/v2\/media?parent=76712"}],"wp:term":[{"taxonomy":"category","embeddable":true,"href":"https:\/\/www.europesays.com\/ee\/wp-json\/wp\/v2\/categories?post=76712"},{"taxonomy":"post_tag","embeddable":true,"href":"https:\/\/www.europesays.com\/ee\/wp-json\/wp\/v2\/tags?post=76712"}],"curies":[{"name":"wp","href":"https:\/\/api.w.org\/{rel}","templated":true}]}}