{"id":76933,"date":"2026-01-02T22:02:06","date_gmt":"2026-01-02T22:02:06","guid":{"rendered":"https:\/\/www.europesays.com\/ee\/76933\/"},"modified":"2026-01-02T22:02:06","modified_gmt":"2026-01-02T22:02:06","slug":"foto-tallinnas-soitis-mees-autoga-vastu-selveri-ust","status":"publish","type":"post","link":"https:\/\/www.europesays.com\/ee\/76933\/","title":{"rendered":"FOTO | Tallinnas s\u00f5itis mees autoga vastu Selveri ust"},"content":{"rendered":"<p>H\u00e4irekeskus sai teate liiklus\u00f5nnetusest Torupilli Selveri juures kella 19.45 ajal. <\/p>\n<p>\u201e57-aastane mees kaotas libeduse t\u00f5ttu oma Toyota \u00fcle juhitavuse ning s\u00f5itis sellega vastu Selveri ust,\u201c \u00fctles Delfile politsei- ja piirivalveameti valvepressiesindaja. \u201e\u00d5nnetuses keegi vigastada ei saanud. Kuna tegu oli varalise kahjuga liiklus\u00f5nnetusega, tegeleb sellega edasi kindlustus.\u201c<\/p>\n<p><a href=\"https:\/\/www.delfi.ee\/artikkel\/120427095\/foto-tallinnas-soitis-mees-soiduautoga-vastu-selveri-ust\/kommentaarid\" class=\"article-body-bottom__comment article-body-bottom__comment--write button button--primary button--size-auto\" rel=\"nofollow noopener\" target=\"_blank\"> Kommenteeri <\/a><a href=\"https:\/\/www.delfi.ee\/artikkel\/120427095\/foto-tallinnas-soitis-mees-soiduautoga-vastu-selveri-ust\/kommentaarid\" class=\"article-body-bottom__comment article-body-bottom__comment--read button button--size-auto\" rel=\"nofollow noopener\" target=\"_blank\"> Loe kommentaare (5)<\/a><\/p>\n","protected":false},"excerpt":{"rendered":"H\u00e4irekeskus sai teate liiklus\u00f5nnetusest Torupilli Selveri juures kella 19.45 ajal. \u201e57-aastane mees kaotas libeduse t\u00f5ttu oma Toyota \u00fcle&hellip;\n","protected":false},"author":2,"featured_media":76934,"comment_status":"","ping_status":"","sticky":false,"template":"","format":"standard","meta":{"footnotes":"","_share_on_mastodon":"0"},"categories":[16],"tags":[37,33,35,173,34,36,19971,140],"class_list":["post-76933","post","type-post","status-publish","format-standard","has-post-thumbnail","category-meelelahutus","tag-ee","tag-eesti","tag-eesti-keel","tag-entertainment","tag-estonia","tag-estonian","tag-libedus","tag-meelelahutus"],"share_on_mastodon":{"url":"https:\/\/pubeurope.com\/@ee\/115827765619917613","error":""},"_links":{"self":[{"href":"https:\/\/www.europesays.com\/ee\/wp-json\/wp\/v2\/posts\/76933","targetHints":{"allow":["GET"]}}],"collection":[{"href":"https:\/\/www.europesays.com\/ee\/wp-json\/wp\/v2\/posts"}],"about":[{"href":"https:\/\/www.europesays.com\/ee\/wp-json\/wp\/v2\/types\/post"}],"author":[{"embeddable":true,"href":"https:\/\/www.europesays.com\/ee\/wp-json\/wp\/v2\/users\/2"}],"replies":[{"embeddable":true,"href":"https:\/\/www.europesays.com\/ee\/wp-json\/wp\/v2\/comments?post=76933"}],"version-history":[{"count":0,"href":"https:\/\/www.europesays.com\/ee\/wp-json\/wp\/v2\/posts\/76933\/revisions"}],"wp:featuredmedia":[{"embeddable":true,"href":"https:\/\/www.europesays.com\/ee\/wp-json\/wp\/v2\/media\/76934"}],"wp:attachment":[{"href":"https:\/\/www.europesays.com\/ee\/wp-json\/wp\/v2\/media?parent=76933"}],"wp:term":[{"taxonomy":"category","embeddable":true,"href":"https:\/\/www.europesays.com\/ee\/wp-json\/wp\/v2\/categories?post=76933"},{"taxonomy":"post_tag","embeddable":true,"href":"https:\/\/www.europesays.com\/ee\/wp-json\/wp\/v2\/tags?post=76933"}],"curies":[{"name":"wp","href":"https:\/\/api.w.org\/{rel}","templated":true}]}}