{"id":77299,"date":"2026-01-03T13:41:06","date_gmt":"2026-01-03T13:41:06","guid":{"rendered":"https:\/\/www.europesays.com\/ee\/77299\/"},"modified":"2026-01-03T13:41:06","modified_gmt":"2026-01-03T13:41:06","slug":"burgerid-kallinevad-kogu-euroopas-surve-all-on-ka-eesti-burgerihinnad","status":"publish","type":"post","link":"https:\/\/www.europesays.com\/ee\/77299\/","title":{"rendered":"Burgerid kallinevad kogu Euroopas \u2013 surve all on ka Eesti burgerihinnad"},"content":{"rendered":"<p>Kogu Euroopa liidus olid noorveiste r\u00fcmbahinnad novembris eelmise aastaga v\u00f5rreldes 30 protsenti k\u00f5rgemad. Kreekas on veisehakkliha jaehind aga peaaegu kahekordistunud, vahendab Euroactiv. <\/p>\n<p>\u201eLoomulikult oleme olukorda tunnetanud ning soodsamaks pole viimastel aastatel mitte miski l\u00e4inud, samuti mitte ka kodumaine maheveiseliha, mida me Turbo Burgeris ja VLND Burgeris kasutame,\u201c \u00fctleb Turbo Burgersi ja VLNDi \u00fcks omanikke Kris S\u00fcld. <\/p>\n<p>Oled juba tellija?Logi sisse<\/p>\n<p><a href=\"https:\/\/arileht.delfi.ee\/artikkel\/120426997\/burgerid-kallinevad-kogu-euroopas-surve-all-on-ka-eesti-burgerihinnad\/kommentaarid\" class=\"article-body-bottom__comment article-body-bottom__comment--write button button--primary button--size-auto\" rel=\"nofollow noopener\" target=\"_blank\"> Kommenteeri <\/a><a href=\"https:\/\/arileht.delfi.ee\/artikkel\/120426997\/burgerid-kallinevad-kogu-euroopas-surve-all-on-ka-eesti-burgerihinnad\/kommentaarid\" class=\"article-body-bottom__comment article-body-bottom__comment--read button button--size-auto\" rel=\"nofollow noopener\" target=\"_blank\"> Loe kommentaare (65)<\/a><\/p>\n","protected":false},"excerpt":{"rendered":"Kogu Euroopa liidus olid noorveiste r\u00fcmbahinnad novembris eelmise aastaga v\u00f5rreldes 30 protsenti k\u00f5rgemad. Kreekas on veisehakkliha jaehind aga&hellip;\n","protected":false},"author":2,"featured_media":77300,"comment_status":"","ping_status":"","sticky":false,"template":"","format":"standard","meta":{"footnotes":"","_share_on_mastodon":"0"},"categories":[14],"tags":[131,130,37,33,35,34,36,112,11550,3983,38917,28074],"class_list":["post-77299","post","type-post","status-publish","format-standard","has-post-thumbnail","category-ari","tag-ari","tag-business","tag-ee","tag-eesti","tag-eesti-keel","tag-estonia","tag-estonian","tag-euroopa","tag-liha","tag-toidu-hinnatous","tag-toodeldud-toid","tag-veiseliha"],"share_on_mastodon":{"url":"https:\/\/pubeurope.com\/@ee\/115831457951902258","error":""},"_links":{"self":[{"href":"https:\/\/www.europesays.com\/ee\/wp-json\/wp\/v2\/posts\/77299","targetHints":{"allow":["GET"]}}],"collection":[{"href":"https:\/\/www.europesays.com\/ee\/wp-json\/wp\/v2\/posts"}],"about":[{"href":"https:\/\/www.europesays.com\/ee\/wp-json\/wp\/v2\/types\/post"}],"author":[{"embeddable":true,"href":"https:\/\/www.europesays.com\/ee\/wp-json\/wp\/v2\/users\/2"}],"replies":[{"embeddable":true,"href":"https:\/\/www.europesays.com\/ee\/wp-json\/wp\/v2\/comments?post=77299"}],"version-history":[{"count":0,"href":"https:\/\/www.europesays.com\/ee\/wp-json\/wp\/v2\/posts\/77299\/revisions"}],"wp:featuredmedia":[{"embeddable":true,"href":"https:\/\/www.europesays.com\/ee\/wp-json\/wp\/v2\/media\/77300"}],"wp:attachment":[{"href":"https:\/\/www.europesays.com\/ee\/wp-json\/wp\/v2\/media?parent=77299"}],"wp:term":[{"taxonomy":"category","embeddable":true,"href":"https:\/\/www.europesays.com\/ee\/wp-json\/wp\/v2\/categories?post=77299"},{"taxonomy":"post_tag","embeddable":true,"href":"https:\/\/www.europesays.com\/ee\/wp-json\/wp\/v2\/tags?post=77299"}],"curies":[{"name":"wp","href":"https:\/\/api.w.org\/{rel}","templated":true}]}}